{"id":6171,"date":"2019-04-06T18:12:14","date_gmt":"2019-04-06T16:12:14","guid":{"rendered":"https:\/\/centers.ulbsibiu.ro\/ccsprise\/lact\/?p=6171"},"modified":"2019-04-06T18:12:14","modified_gmt":"2019-04-06T16:12:14","slug":"deschide-md-separatistii-cer-inchiderea-celor-doua-penitenciare-din-tighina-ce-sunt-administrate-de-chisinau","status":"publish","type":"post","link":"https:\/\/centers.ulbsibiu.ro\/ccsprise\/lact\/deschide-md-separatistii-cer-inchiderea-celor-doua-penitenciare-din-tighina-ce-sunt-administrate-de-chisinau\/","title":{"rendered":"Deschide.md &#8211; Separati\u0219tii cer \u00eenchiderea celor dou\u0103 penitenciare din Tighina ce sunt administrate de Chi\u0219in\u0103u"},"content":{"rendered":"<p><span style=\"display: inline !important; float: none; background-color: transparent; color: #888888; font-family: 'Arimo',sans-serif; font-size: 13px; font-style: normal; font-variant: normal; font-weight: 400; letter-spacing: normal; orphans: 2; text-align: left; text-decoration: none; text-indent: 0px; text-transform: none; -webkit-text-stroke-width: 0px; white-space: normal; word-spacing: 0px;\">Author: Vadim Vasiliu<\/span><\/p>\n<p><strong>Pretinsele autorit\u0103\u021bi din st\u00e2nga Nistrului insist\u0103 asupra evacu\u0103rii din ora\u0219ul Tighina a institu\u021biilor penitenciare, subordonate structurilor de for\u021b\u0103 de la Chi\u0219in\u0103u. Motivul ar fi c\u0103 aceste institu\u021bii ar prezenta o surs\u0103 continu\u0103 de tensiune, a declarat copre\u0219edintele Comisiei Unificate de Control din partea regiunii separatiste transnistrene, Oleg Beliakov.<\/strong><\/p>\n<p style=\"box-sizing: border-box; -webkit-text-stroke-width: 0px; word-spacing: 0px; margin: 0in 0in 7.5pt 0in;\">Acesta face referire la ni\u0219te incidente cu implicarea angaja\u021bilor acestor institu\u021bii. Un alt motiv pe care \u00eel invoc\u0103 Beliakov este faptul c\u0103 \u00een aceste institu\u021bii se p\u0103streaz\u0103 armament. \u201eDin rapoartele CUC \u0219i ale observatorilor militari afl\u0103m c\u0103 pe teritoriul acestor penitenciare se afl\u0103 armament. Acest lucru nu poate s\u0103 nu ne pun\u0103 \u00een gard\u0103 \u0219i este \u00een contradictoriu cu documentele existente\u201d, a declarat Beliakov.<\/p>\n<p style=\"box-sizing: border-box; -webkit-text-stroke-width: 0px; word-spacing: 0px; margin: 0in 0in 7.5pt 0in;\">Acesta a mai spus c\u0103 func\u021bionarea acestor penitenciare ar \u00eenc\u0103lca drepturile fundamentale ale omului.<\/p>\n<p>\u201eCum pot fi asigurate drepturile omului dac\u0103 condamna\u021bii \u00ee\u0219i ispr\u0103vesc pedeapsa \u00eentr-o zon\u0103 a unui conflict ce mocne\u0219te?\u201d, se \u00eentreab\u0103 Beliakov.<\/p>\n<p style=\"box-sizing: border-box; -webkit-text-stroke-width: 0px; word-spacing: 0px; margin: 0in 0in 7.5pt 0in;\">Acesta a mai f\u0103cut referire la faptul c\u0103 penitenciarele moldovene\u0219ti din Tighina ar fi o surs\u0103 de infec\u021bie cu tuberculoz\u0103. Beliakov nu a adus date statistice sau alte dovezi, dar presupune c\u0103 infec\u021bia s-a \u00eembibat peste tot \u00een acele penitenciare &#8211; \u201eTo\u021bi pere\u021bii sunt \u00eembiba\u021bi cu aceast\u0103 infec\u021bie, iar acest fapt reprezint\u0103 un pericol pentru locuitorii din Bender\u201d, a declarat Beliakov.<\/p>\n<p style=\"box-sizing: border-box; -webkit-text-stroke-width: 0px; word-spacing: 0px; margin: 0in 0in 7.5pt 0in;\">Reprezentantul Administra\u021biei Na\u021bionale a Penitenciarelor, Oleg Pantea, a declarat c\u0103 institu\u021bia nu va comenta aceste informa\u021bii.<\/p>\n<p style=\"box-sizing: border-box; -webkit-text-stroke-width: 0px; word-spacing: 0px; margin: 0in 0in 7.5pt 0in;\">Subliniem c\u0103 \u00een ora\u0219ul Tighina func\u021bioneaz\u0103 dou\u0103 penitenciare ale Administra\u021biei Na\u021bionale a Penitenciarelor &#8211; penitenciarul nr. 8 Bender \u0219i nr. 12 Bender.<\/p>\n<p><span style=\"color: #000000; font-family: Times New Roman;\">\u00a0Sursa:\u00a0<a href=\"https:\/\/deschide.md\/ro\/stiri\/23\/46798\/Separati\u0219tii-cer-\u00eenchiderea-celor-dou\u0103-penitenciare-din-Tighina-ce-sunt-administrate-de-Chi\u0219in\u0103u.htm?fbclid=IwAR3XvDaeNgAqsyaP_Tiqt9Z3renlXxFxjIi0VT3bcP9FEr-QgNw4xi5RHmc\">https:\/\/deschide.md\/<\/a><\/span><\/p>\n","protected":false},"excerpt":{"rendered":"<p>Author: Vadim Vasiliu Pretinsele autorit\u0103\u021bi din st\u00e2nga Nistrului insist\u0103 asupra evacu\u0103rii din ora\u0219ul Tighina a institu\u021biilor penitenciare, subordonate structurilor de for\u021b\u0103 de la Chi\u0219in\u0103u. Motivul ar fi c\u0103 aceste institu\u021bii ar prezenta o surs\u0103 continu\u0103 de tensiune, a declarat copre\u0219edintele Comisiei Unificate de Control din partea regiunii separatiste transnistrene, Oleg Beliakov. Acesta face referire la&#8230;<\/p>\n","protected":false},"author":2,"featured_media":0,"comment_status":"closed","ping_status":"open","sticky":false,"template":"","format":"standard","meta":[],"categories":[1],"tags":[],"_links":{"self":[{"href":"https:\/\/centers.ulbsibiu.ro\/ccsprise\/lact\/wp-json\/wp\/v2\/posts\/6171"}],"collection":[{"href":"https:\/\/centers.ulbsibiu.ro\/ccsprise\/lact\/wp-json\/wp\/v2\/posts"}],"about":[{"href":"https:\/\/centers.ulbsibiu.ro\/ccsprise\/lact\/wp-json\/wp\/v2\/types\/post"}],"author":[{"embeddable":true,"href":"https:\/\/centers.ulbsibiu.ro\/ccsprise\/lact\/wp-json\/wp\/v2\/users\/2"}],"replies":[{"embeddable":true,"href":"https:\/\/centers.ulbsibiu.ro\/ccsprise\/lact\/wp-json\/wp\/v2\/comments?post=6171"}],"version-history":[{"count":1,"href":"https:\/\/centers.ulbsibiu.ro\/ccsprise\/lact\/wp-json\/wp\/v2\/posts\/6171\/revisions"}],"predecessor-version":[{"id":6172,"href":"https:\/\/centers.ulbsibiu.ro\/ccsprise\/lact\/wp-json\/wp\/v2\/posts\/6171\/revisions\/6172"}],"wp:attachment":[{"href":"https:\/\/centers.ulbsibiu.ro\/ccsprise\/lact\/wp-json\/wp\/v2\/media?parent=6171"}],"wp:term":[{"taxonomy":"category","embeddable":true,"href":"https:\/\/centers.ulbsibiu.ro\/ccsprise\/lact\/wp-json\/wp\/v2\/categories?post=6171"},{"taxonomy":"post_tag","embeddable":true,"href":"https:\/\/centers.ulbsibiu.ro\/ccsprise\/lact\/wp-json\/wp\/v2\/tags?post=6171"}],"curies":[{"name":"wp","href":"https:\/\/api.w.org\/{rel}","templated":true}]}}