{"id":6166,"date":"2019-04-05T20:22:02","date_gmt":"2019-04-05T18:22:02","guid":{"rendered":"https:\/\/centers.ulbsibiu.ro\/ccsprise\/lact\/?p=6166"},"modified":"2019-04-05T20:22:02","modified_gmt":"2019-04-05T18:22:02","slug":"infotag-md-dupa-succesele-atinse-in-procesul-de-reglementare-partile-trebuie-sa-gaseasca-un-compromis-in-problemele-importante-seful-delegatiei-ue-in-moldova","status":"publish","type":"post","link":"https:\/\/centers.ulbsibiu.ro\/ccsprise\/lact\/infotag-md-dupa-succesele-atinse-in-procesul-de-reglementare-partile-trebuie-sa-gaseasca-un-compromis-in-problemele-importante-seful-delegatiei-ue-in-moldova\/","title":{"rendered":"Infotag.md &#8211; DUP\u0102 SUCCESELE ATINSE \u00ceN PROCESUL DE REGLEMENTARE, P\u0102R\u0162ILE TREBUIE S\u0102 G\u0102SEASC\u0102 UN COMPROMIS \u00ceN PROBLEMELE IMPORTANTE \u2013 \u015eEFUL DELEGA\u0162IEI UE \u00ceN MOLDOVA"},"content":{"rendered":"<p>\u015eeful Delega\u0163iei UE \u00een Moldova, Peter Michalko, consider\u0103 c\u0103, \u201edup\u0103 succesele atinse \u00een ultimii ani \u00een procesul de reglementare transnistrean\u0103, p\u0103r\u0163ile trebuie s\u0103 se axeze pe g\u0103sirea unui compromis \u00een urm\u0103toarele probleme importante\u201d.<br \/>\nPotrivit agen\u0163iei INFOTAG, vineri, \u00een cadrul conferin\u021bei anuale a programului \u201eDialoguri transnistrene\u201d, el a men\u021bionat c\u0103 \u201ereglementarea joac\u0103 un rol important \u00een dezvoltarea situa\u021biei \u00een Moldova\u201d.<br \/>\n\u201eUniunea European\u0103 pledeaz\u0103 \u00een continuare pentru solu\u021bionarea pa\u0219nic\u0103 a conflictului, pe baz\u0103 de consens, pentru men\u0163inerea integrit\u0103\u021bii teritoriale a Republicii Moldova, pentru acordarea unui statut special regiunii transnistrene, pentru asigurarea drepturilor sociale \u0219i economice pentru \u00eentreaga popula\u021bie\u201d, a spus Michalko.<br \/>\nReferindu-se la succesele reglement\u0103rii, el a men\u021bionat c\u0103 \u201eceea ce anterior era v\u0103zut drept perspective s-a transformat \u00een ultimii ani \u00een rezultate reale\u201d, av\u00e2nd \u00een vedere atingerea \u00een\u0163elegerilor privind pl\u0103cu\u021bele neutre pentru transportul auto, deschiderea podului la Gura-B\u00eecului, rezolvarea problemei accesului fermierilor la terenurilor lor din Dub\u0103sari etc.<br \/>\n\u201ePentru a continua procesul de negocieri \u00een formatul \u201e5+2\u201d, este necesar\u0103 o baz\u0103 stabil\u0103. La aceasta ajut\u0103 programul \u201eSus\u0163inerea m\u0103surilor de consolidare a \u00eencrederii\u201d, care \u00een urm\u0103torii trei ani prevede acordarea a 10,5 mil. de euro. Aceste mijloace vor fi cheltuite pentru dezvoltarea socio-economic\u0103, precum \u0219i pentru proiecte de dezvoltare \u00een domeniul culturii \u015fi al medicinii\u201d, a spus Michalko.<br \/>\nPotrivit lui, \u00een cadrul reglement\u0103rii \u201eeste necesar\u0103 o c\u0103utare permanent\u0103 a solu\u021biilor de compromis, astfel \u00eenc\u00e2t locuitorii de pe ambele maluri s\u0103 nu-\u015fi piard\u0103 speran\u021ba\u201d.<br \/>\nExpertul \u00een domeniul securit\u0103\u021bii interna\u021bionale, profesor la Universitatea din Birmingham, Stefan Wolf, a men\u021bionat c\u0103 procesul de reglementare \u201etrebuie s\u0103 fie nu doar un dialog al elitelor politice, ci \u0219i al reprezentan\u0163ilor sectorului real al economiei \u0219i al societ\u0103\u021bii civile\u201d.<br \/>\n\u201eSolu\u0163ionarea conflictului trebuie s\u0103 fie obiectul unor discu\u021bii ample, esen\u021ba lor trebuie s\u0103 fie clar\u0103 pentru un cerc larg de oameni. Trebuie s\u0103 \u00een\u021belegem c\u0103 conflictul nu se va rezolva \u00eent\u00e2mpl\u0103tor, trebuie s\u0103 existe o consecven\u021b\u0103. Toate problemele care \u00eengrijoreaz\u0103 p\u0103r\u0163ile trebuie discutate la masa de negocieri pentru a nu pierde niciun detaliu important. Bine\u00een\u021beles, se poate spune c\u0103 procesul de reglementare e tergiversat, dar conflictul transnistrean nu poate fi clasificat ca unul imposibil de rezolvat\u201d, a men\u021bionat expertul.<\/p>\n<p>Sursa:\u00a0<a href=\"http:\/\/www.infotag.md\/rebelion-ro\/274609\/\">http:\/\/www.infotag.md\/<\/a><\/p>\n","protected":false},"excerpt":{"rendered":"<p>\u015eeful Delega\u0163iei UE \u00een Moldova, Peter Michalko, consider\u0103 c\u0103, \u201edup\u0103 succesele atinse \u00een ultimii ani \u00een procesul de reglementare transnistrean\u0103, p\u0103r\u0163ile trebuie s\u0103 se axeze pe g\u0103sirea unui compromis \u00een urm\u0103toarele probleme importante\u201d. Potrivit agen\u0163iei INFOTAG, vineri, \u00een cadrul conferin\u021bei anuale a programului \u201eDialoguri transnistrene\u201d, el a men\u021bionat c\u0103 \u201ereglementarea joac\u0103 un rol important \u00een&#8230;<\/p>\n","protected":false},"author":2,"featured_media":0,"comment_status":"closed","ping_status":"open","sticky":false,"template":"","format":"standard","meta":[],"categories":[1],"tags":[],"_links":{"self":[{"href":"https:\/\/centers.ulbsibiu.ro\/ccsprise\/lact\/wp-json\/wp\/v2\/posts\/6166"}],"collection":[{"href":"https:\/\/centers.ulbsibiu.ro\/ccsprise\/lact\/wp-json\/wp\/v2\/posts"}],"about":[{"href":"https:\/\/centers.ulbsibiu.ro\/ccsprise\/lact\/wp-json\/wp\/v2\/types\/post"}],"author":[{"embeddable":true,"href":"https:\/\/centers.ulbsibiu.ro\/ccsprise\/lact\/wp-json\/wp\/v2\/users\/2"}],"replies":[{"embeddable":true,"href":"https:\/\/centers.ulbsibiu.ro\/ccsprise\/lact\/wp-json\/wp\/v2\/comments?post=6166"}],"version-history":[{"count":1,"href":"https:\/\/centers.ulbsibiu.ro\/ccsprise\/lact\/wp-json\/wp\/v2\/posts\/6166\/revisions"}],"predecessor-version":[{"id":6167,"href":"https:\/\/centers.ulbsibiu.ro\/ccsprise\/lact\/wp-json\/wp\/v2\/posts\/6166\/revisions\/6167"}],"wp:attachment":[{"href":"https:\/\/centers.ulbsibiu.ro\/ccsprise\/lact\/wp-json\/wp\/v2\/media?parent=6166"}],"wp:term":[{"taxonomy":"category","embeddable":true,"href":"https:\/\/centers.ulbsibiu.ro\/ccsprise\/lact\/wp-json\/wp\/v2\/categories?post=6166"},{"taxonomy":"post_tag","embeddable":true,"href":"https:\/\/centers.ulbsibiu.ro\/ccsprise\/lact\/wp-json\/wp\/v2\/tags?post=6166"}],"curies":[{"name":"wp","href":"https:\/\/api.w.org\/{rel}","templated":true}]}}