{"id":6160,"date":"2019-04-05T20:11:58","date_gmt":"2019-04-05T18:11:58","guid":{"rendered":"https:\/\/centers.ulbsibiu.ro\/ccsprise\/lact\/?p=6160"},"modified":"2019-04-05T20:11:58","modified_gmt":"2019-04-05T18:11:58","slug":"gov-md-comisia-unificata-de-control-lipsa-de-consens-pe-subiectul-demilitarizarii-zonei-de-securitate","status":"publish","type":"post","link":"https:\/\/centers.ulbsibiu.ro\/ccsprise\/lact\/gov-md-comisia-unificata-de-control-lipsa-de-consens-pe-subiectul-demilitarizarii-zonei-de-securitate\/","title":{"rendered":"Gov.md &#8211; Comisia Unificat\u0103 de Control: lips\u0103 de consens pe subiectul demilitariz\u0103rii Zonei de Securitate"},"content":{"rendered":"<p>Momentul pozitiv care a marcat \u0219edin\u021ba Comisiei Unificate de Control din 4 aprilie curent a fost \u00eenregistrarea unui progres pe cazul elimin\u0103rii postului transnistrean de \u201egr\u0103niceri\u201d \u00a0\u00eentre localit\u0103\u021bile Slobozia \u0219i Cremenciug. Astfel, Comisia a aprobat retragerea postului sta\u021bionar, asum\u00e2ndu-\u0219i sarcina de a monitoriza, prin intermediul structurilor subordonate,\u00a0 situa\u021bia la sectorul dat \u00een scopul neadmiterii unor \u00eenc\u0103lc\u0103ri similare pe viitor.<\/p>\n<p>Totu\u0219i, partea moldoveneasc\u0103 a semnalat noi cazuri de plasare a patrulelor mobile ale \u201egr\u0103nicerilor\u201d transnistreni \u00een Zona de Securitate, care au avut loc \u00een ultima s\u0103pt\u0103m\u00e2n\u0103 \u00een preajma localit\u0103\u021bilor G\u00e2sca, Hagimus, H\u00e2rbov\u0103\u021b \u0219i nemijlocit \u00een mun. Bender. Un incident mai grav, \u0219i anume o tentativ\u0103 de re\u021binere a 4 cet\u0103\u021beni ai Republicii Moldova de c\u0103tre \u201egr\u0103nicerii\u201d transnistreni (pentru pretinse ac\u021biuni de traversare ilicit\u0103 a a\u0219a-numitei \u201efrontiere\u201d), a fost \u00eenregistrat la data de 31 martie \u00eentre localit\u0103\u021bile Chirc\u0103ie\u0219ti \u0219i Chi\u021bcani. Situa\u021bia este investigat\u0103 de c\u0103tre organele Poli\u021biei Na\u021bionale.<\/p>\n<p>\u00cen ceea ce prive\u0219te propunerea conduc\u0103torului delega\u021biei noastre, lansat\u0103 la reuniunea precedent\u0103 a Comisiei, de a elabora m\u0103suri pentru asigurarea transparen\u021bei Zonei de Securitate sub aspectul prezen\u021bei forma\u021biunilor militare ale p\u0103r\u021bilor, at\u00e2t\u00a0 delega\u021bia Tiraspolului, c\u00e2t \u0219i cea a Federa\u021biei Ruse, dup\u0103 ce au analizat timp de o s\u0103pt\u0103m\u00e2n\u0103 aceast\u0103 ini\u021biativ\u0103 a Chi\u0219in\u0103ului, au respins-o f\u0103r\u0103 argumente pertinente. Reprezentan\u021bii acestor dou\u0103 componente au fost deranja\u021bi de obiectivul enun\u021bat de delega\u021bia Republicii Moldova privind demilitarizarea Zonei de Securitate. Reamintim c\u0103, conceptul de demilitarizare treptat\u0103 a Zonei de Securitate a fost fixat \u00eenc\u0103 la 20 martie 1998 \u00een Acordul de la Odessa, semnat la nivel \u00eenalt de Republica Moldova, Federa\u021bia Rus\u0103, Ucraina \u0219i de \u0219eful Misiunii OSCE \u00een Moldova, iar printr-o decizie a copre\u0219edin\u021bilor Comisiei Unificate de Control din 13 iulie 1999, toate componentele Comisiei s-au \u00een\u021beles s\u0103 \u00eentreprind\u0103 m\u0103suri concrete \u00een acest sens.<\/p>\n<p>De asemenea, nu s-a ajuns la consens pe marginea formul\u0103rii unui r\u0103spuns la solicitarea Misiunii OSCE \u00een Moldova privind modul de utilizare a echipamentului tehnic oferit pentru buna func\u021bionare a Statului Major al For\u021belor Mixte de Pacificare \u00een martie 2018 care, de altfel, nu este utilizat integral potrivit destina\u021biei. De men\u021bionat c\u0103 utilizarea pe larg a dispozitivelor ar permite o mai bun\u0103 colectare a informa\u021biilor, documentarea mai exact\u0103 a evenimentelor din Zona de Securitate \u0219i evitarea unor dispute cu privire la limitele geografice ale acesteia. \u00cen contextul \u00een care delega\u021biile regiunii transnistrene \u0219i Federa\u021biei Ruse sus\u021bin c\u0103 echipamentele nu pot fi aplicate din cauza c\u0103 nu exist\u0103 instruc\u021biunile corespunz\u0103toare,\u00a0 situa\u021bia descris\u0103 indic\u0103, totodat\u0103, asupra necesit\u0103\u021bii de a elabora regulamentul Comandamentului Militar \u00centrunit, demers \u00eenaintat de multiple ori de c\u0103tre delega\u021bia noastr\u0103, \u00eens\u0103 nesus\u021binut de c\u0103tre interlocutori. Pe subiect, s-a convenit doar desf\u0103\u0219urarea unei \u00eentrevederi aparte \u00eentre conduc\u0103torii delega\u021biilor \u0219i reprezentan\u021bii militari ai p\u0103r\u021bilor.<\/p>\n<p>Faptul c\u0103 un asemenea regulament este important rezult\u0103 \u0219i dintr-un caz \u00eenregistrat la 1 aprilie, c\u00e2nd ie\u0219irea observatorilor militari, la solicitarea p\u0103r\u021bii moldovene\u0219ti, a fost tergiversat\u0103 timp de circa 8 ore de c\u0103tre partea transnistrean\u0103, aspect ce nu a permis, \u00een mod evident, documentarea amplas\u0103rii abuzive a unui post mobil de \u201egr\u0103niceri\u201d.<\/p>\n<p>Pe durata \u0219edin\u021bei a fost aprobat raportul Comandamentului Militar \u00centrunit pentru perioada 17 martie &#8211; 2 aprilie 2019 \u0219i a fost avizat\u0103 schimbarea unui observator militar din partea Federa\u021biei Ruse.<\/p>\n<p>&nbsp;<\/p>\n<p><strong>Delega\u021bia Republicii Moldova \u00een Comisia Unificat\u0103 de Control<\/strong><\/p>\n<p>&nbsp;<\/p>\n<p>Sursa:\u00a0<a href=\"https:\/\/gov.md\/ro\/content\/comisia-unificata-de-control-lipsa-de-consens-pe-subiectul-demilitarizarii-zonei-de\">https:\/\/gov.md\/<\/a><\/p>\n","protected":false},"excerpt":{"rendered":"<p>Momentul pozitiv care a marcat \u0219edin\u021ba Comisiei Unificate de Control din 4 aprilie curent a fost \u00eenregistrarea unui progres pe cazul elimin\u0103rii postului transnistrean de \u201egr\u0103niceri\u201d \u00a0\u00eentre localit\u0103\u021bile Slobozia \u0219i Cremenciug. Astfel, Comisia a aprobat retragerea postului sta\u021bionar, asum\u00e2ndu-\u0219i sarcina de a monitoriza, prin intermediul structurilor subordonate,\u00a0 situa\u021bia la sectorul dat \u00een scopul neadmiterii unor&#8230;<\/p>\n","protected":false},"author":2,"featured_media":0,"comment_status":"closed","ping_status":"open","sticky":false,"template":"","format":"standard","meta":[],"categories":[1],"tags":[],"_links":{"self":[{"href":"https:\/\/centers.ulbsibiu.ro\/ccsprise\/lact\/wp-json\/wp\/v2\/posts\/6160"}],"collection":[{"href":"https:\/\/centers.ulbsibiu.ro\/ccsprise\/lact\/wp-json\/wp\/v2\/posts"}],"about":[{"href":"https:\/\/centers.ulbsibiu.ro\/ccsprise\/lact\/wp-json\/wp\/v2\/types\/post"}],"author":[{"embeddable":true,"href":"https:\/\/centers.ulbsibiu.ro\/ccsprise\/lact\/wp-json\/wp\/v2\/users\/2"}],"replies":[{"embeddable":true,"href":"https:\/\/centers.ulbsibiu.ro\/ccsprise\/lact\/wp-json\/wp\/v2\/comments?post=6160"}],"version-history":[{"count":1,"href":"https:\/\/centers.ulbsibiu.ro\/ccsprise\/lact\/wp-json\/wp\/v2\/posts\/6160\/revisions"}],"predecessor-version":[{"id":6161,"href":"https:\/\/centers.ulbsibiu.ro\/ccsprise\/lact\/wp-json\/wp\/v2\/posts\/6160\/revisions\/6161"}],"wp:attachment":[{"href":"https:\/\/centers.ulbsibiu.ro\/ccsprise\/lact\/wp-json\/wp\/v2\/media?parent=6160"}],"wp:term":[{"taxonomy":"category","embeddable":true,"href":"https:\/\/centers.ulbsibiu.ro\/ccsprise\/lact\/wp-json\/wp\/v2\/categories?post=6160"},{"taxonomy":"post_tag","embeddable":true,"href":"https:\/\/centers.ulbsibiu.ro\/ccsprise\/lact\/wp-json\/wp\/v2\/tags?post=6160"}],"curies":[{"name":"wp","href":"https:\/\/api.w.org\/{rel}","templated":true}]}}