{"id":6158,"date":"2019-04-05T20:10:24","date_gmt":"2019-04-05T18:10:24","guid":{"rendered":"https:\/\/centers.ulbsibiu.ro\/ccsprise\/lact\/?p=6158"},"modified":"2019-04-05T20:10:24","modified_gmt":"2019-04-05T18:10:24","slug":"infotag-md-guvernul-transnistriei-s-a-pronuntat-pentru-extinderea-programului-de-privatizare","status":"publish","type":"post","link":"https:\/\/centers.ulbsibiu.ro\/ccsprise\/lact\/infotag-md-guvernul-transnistriei-s-a-pronuntat-pentru-extinderea-programului-de-privatizare\/","title":{"rendered":"Infotag.md &#8211; GUVERNUL TRANSNISTRIEI S-A PRONUN\u0162AT PENTRU EXTINDEREA PROGRAMULUI DE PRIVATIZARE"},"content":{"rendered":"<p>Guvernul Transnistriei a aprobat joi modific\u0103ri \u0219i complet\u0103ri la \u201eProgramul de privatizare \u0219i deetatizare \u00een RMN pentru anii 2018-2019\u201d \u00een vederea asigur\u0103rii activit\u0103\u021bii eficiente de produc\u021bie a \u00eentreprinderilor propuse spre privatizare.<br \/>\nPotrivit agen\u0163iei INFOTAG cu referire la site-ul guvernului regiunii, se propune privatizarea a \u00eenc\u0103 opt \u00eentreprinderi pentru \u201ea atrage investi\u021bii suplimentare\u201d. Este vorba de cota de 100% ac\u0163iuni ale fabricii de \u00eembr\u0103c\u0103minte din Tiraspol \u201eOdema\u201d, ale fabricii de conserve din Camenca, ale combinatelor de p\u00e2ine din R\u00eebni\u0163a \u015fi din Bender \u0219i ale \u00eentreprinderii de cercetare \u0219i produc\u021bie \u201eAparate electrice\u201d.<\/p>\n<p>Aceste \u00eentreprinderi sunt propuse a fi privatizate dup\u0103 proiecte individuale pentru a p\u0103stra profilul organiza\u021biilor \u0219i activit\u0103\u021bile pe care le desf\u0103\u0219oar\u0103.<\/p>\n<p>Spre v\u00e2nzare sunt propuse \u015fi c\u00e2te 25% din ac\u0163iunile uzinei de ciment din R\u00eebni\u0163a \u0219i firmei de confec\u0163ii \u201eVestra\u201d \u0219i peste 65% din ac\u021biunile Centrului expozi\u0163ional din Transnistria.<\/p>\n<p>Veniturile estimate din privatizarea acestor opt societ\u0103\u021bi pe ac\u021biuni este de 300 de milioane de ruble ($18,6 mil.).<\/p>\n<p>Sursa:\u00a0<a href=\"http:\/\/www.infotag.md\/rebelion-ro\/274574\/\">http:\/\/www.infotag.md\/<\/a><\/p>\n","protected":false},"excerpt":{"rendered":"<p>Guvernul Transnistriei a aprobat joi modific\u0103ri \u0219i complet\u0103ri la \u201eProgramul de privatizare \u0219i deetatizare \u00een RMN pentru anii 2018-2019\u201d \u00een vederea asigur\u0103rii activit\u0103\u021bii eficiente de produc\u021bie a \u00eentreprinderilor propuse spre privatizare. Potrivit agen\u0163iei INFOTAG cu referire la site-ul guvernului regiunii, se propune privatizarea a \u00eenc\u0103 opt \u00eentreprinderi pentru \u201ea atrage investi\u021bii suplimentare\u201d. Este vorba de&#8230;<\/p>\n","protected":false},"author":2,"featured_media":0,"comment_status":"closed","ping_status":"open","sticky":false,"template":"","format":"standard","meta":[],"categories":[1],"tags":[],"_links":{"self":[{"href":"https:\/\/centers.ulbsibiu.ro\/ccsprise\/lact\/wp-json\/wp\/v2\/posts\/6158"}],"collection":[{"href":"https:\/\/centers.ulbsibiu.ro\/ccsprise\/lact\/wp-json\/wp\/v2\/posts"}],"about":[{"href":"https:\/\/centers.ulbsibiu.ro\/ccsprise\/lact\/wp-json\/wp\/v2\/types\/post"}],"author":[{"embeddable":true,"href":"https:\/\/centers.ulbsibiu.ro\/ccsprise\/lact\/wp-json\/wp\/v2\/users\/2"}],"replies":[{"embeddable":true,"href":"https:\/\/centers.ulbsibiu.ro\/ccsprise\/lact\/wp-json\/wp\/v2\/comments?post=6158"}],"version-history":[{"count":1,"href":"https:\/\/centers.ulbsibiu.ro\/ccsprise\/lact\/wp-json\/wp\/v2\/posts\/6158\/revisions"}],"predecessor-version":[{"id":6159,"href":"https:\/\/centers.ulbsibiu.ro\/ccsprise\/lact\/wp-json\/wp\/v2\/posts\/6158\/revisions\/6159"}],"wp:attachment":[{"href":"https:\/\/centers.ulbsibiu.ro\/ccsprise\/lact\/wp-json\/wp\/v2\/media?parent=6158"}],"wp:term":[{"taxonomy":"category","embeddable":true,"href":"https:\/\/centers.ulbsibiu.ro\/ccsprise\/lact\/wp-json\/wp\/v2\/categories?post=6158"},{"taxonomy":"post_tag","embeddable":true,"href":"https:\/\/centers.ulbsibiu.ro\/ccsprise\/lact\/wp-json\/wp\/v2\/tags?post=6158"}],"curies":[{"name":"wp","href":"https:\/\/api.w.org\/{rel}","templated":true}]}}