{"id":6154,"date":"2019-04-04T18:42:37","date_gmt":"2019-04-04T16:42:37","guid":{"rendered":"https:\/\/centers.ulbsibiu.ro\/ccsprise\/lact\/?p=6154"},"modified":"2019-04-04T18:42:37","modified_gmt":"2019-04-04T16:42:37","slug":"gov-md-chisinaul-a-solicitat-misiunii-osce-din-republica-moldova-de-a-se-implica-in-solutionarea-problemelor-din-s-varnita","status":"publish","type":"post","link":"https:\/\/centers.ulbsibiu.ro\/ccsprise\/lact\/gov-md-chisinaul-a-solicitat-misiunii-osce-din-republica-moldova-de-a-se-implica-in-solutionarea-problemelor-din-s-varnita\/","title":{"rendered":"Gov.md &#8211; Chi\u0219in\u0103ul a solicitat Misiunii OSCE din Republica Moldova de a se implica \u00een solu\u021bionarea problemelor din s. Varni\u021ba"},"content":{"rendered":"<p>Vicepremierul, Cristina Lesnic a avut o nou\u0103 \u00eentrevedere de lucru cu \u0219eful Misiunii OSCE \u00een Republica Moldova, Claus Neukirch.<\/p>\n<p>Cristina Lesnic, negociatorul-\u0219ef \u00een procesul de reglementare a conflictului transnistrean a eviden\u021biat rezultatele vizitei sale \u00eempreun\u0103 cu reprezentantul special al Federa\u021biei Ruse, Serghei Gubarev \u00een s. Varni\u021ba, \u00een data de 3 aprilie curent, precum \u0219i problemele evocate, care necesit\u0103 s\u0103 fie transpuse \u00eentr-o abordare concret\u0103 de solu\u021bionare \u0219i implicare din partea tuturor actorilor interesa\u021bi.<\/p>\n<p>Chi\u0219in\u0103ul a solicitat \u0219efului Misiunii OSCE co-participarea la solu\u021bionarea problemelor ce \u021bin de popula\u021bia din s. Varni\u021ba.<\/p>\n<p>Totodat\u0103, Cristina Lesnic a reiterat mesajul de a continua discu\u021biile pe toate palierele de dialog, care s-ar materializa prin solu\u021bionarea dificult\u0103\u021bilor cu care se confrunt\u0103 cet\u0103\u021benii Republicii Moldova de pe ambele maluri ale Nistrului.<\/p>\n<p>\u00cen acest context, oficialii au f\u0103cut un schimb de opinii pe subiecte care intereseaz\u0103 Chi\u0219in\u0103ul \u0219i Tiraspolul \u00een procesul de negocieri, fiind reiterat\u0103 pozi\u021bia constant\u0103 pe marginea subiectului ce \u021bine de accesul mijloacelor de transport pe baza pl\u0103cu\u021belor de model neutru \u00een trafic rutier interna\u021bional. Astfel, a fost subliniat\u0103 pozi\u021bia de principiu c\u0103 aducerea \u00een c\u00e2mpul legal a locuitorilor de pe malul st\u00e2ng al Nistrului le ofer\u0103 beneficii \u0219i siguran\u021b\u0103.<\/p>\n<p>Unul dintre aspecte puse \u00een discu\u021bie a vizat libera circula\u021bie a persoanelor, \u00a0\u00een special \u00een perioada s\u0103rb\u0103torilor de Pa\u0219ti, inclusiv pentru oficiali, care \u00ee\u0219i au rudele \u0219i cei apropia\u021bi \u00een regiunea transnistrean\u0103.<\/p>\n<p>La fel, subiectul discu\u021biilor a vizat \u0219i accesul la informa\u021bie, care intereseaz\u0103 opinia public\u0103, or cele care pot avea un impact ce \u021bine de siguran\u021ba cet\u0103\u021benilor \u0219i\/sau mediul \u00eenconjur\u0103tor.<\/p>\n<p>Vicepremierul pentru Reintegrare a solicitat ab\u021binerea de la ac\u021biuni unilaterale din partea Tiraspolului pentru a putea concentra eforturile pe tematici de substan\u021b\u0103.<\/p>\n<p>Pe final de discu\u021bie, oficialii au reiterat asupra continu\u0103rii dialogului \u0219i solu\u021bionarea problemelor pentru asigurarea unui climat favorabil popula\u021biei de pe ambele maluri ale Nistrului.<\/p>\n<p>Sursa:\u00a0<a href=\"https:\/\/gov.md\/ro\/content\/chisinaul-solicitat-misiunii-osce-din-republica-moldova-de-se-implica-solutionarea\">https:\/\/gov.md\/<\/a><\/p>\n","protected":false},"excerpt":{"rendered":"<p>Vicepremierul, Cristina Lesnic a avut o nou\u0103 \u00eentrevedere de lucru cu \u0219eful Misiunii OSCE \u00een Republica Moldova, Claus Neukirch. Cristina Lesnic, negociatorul-\u0219ef \u00een procesul de reglementare a conflictului transnistrean a eviden\u021biat rezultatele vizitei sale \u00eempreun\u0103 cu reprezentantul special al Federa\u021biei Ruse, Serghei Gubarev \u00een s. Varni\u021ba, \u00een data de 3 aprilie curent, precum \u0219i problemele&#8230;<\/p>\n","protected":false},"author":2,"featured_media":0,"comment_status":"closed","ping_status":"open","sticky":false,"template":"","format":"standard","meta":[],"categories":[1],"tags":[],"_links":{"self":[{"href":"https:\/\/centers.ulbsibiu.ro\/ccsprise\/lact\/wp-json\/wp\/v2\/posts\/6154"}],"collection":[{"href":"https:\/\/centers.ulbsibiu.ro\/ccsprise\/lact\/wp-json\/wp\/v2\/posts"}],"about":[{"href":"https:\/\/centers.ulbsibiu.ro\/ccsprise\/lact\/wp-json\/wp\/v2\/types\/post"}],"author":[{"embeddable":true,"href":"https:\/\/centers.ulbsibiu.ro\/ccsprise\/lact\/wp-json\/wp\/v2\/users\/2"}],"replies":[{"embeddable":true,"href":"https:\/\/centers.ulbsibiu.ro\/ccsprise\/lact\/wp-json\/wp\/v2\/comments?post=6154"}],"version-history":[{"count":1,"href":"https:\/\/centers.ulbsibiu.ro\/ccsprise\/lact\/wp-json\/wp\/v2\/posts\/6154\/revisions"}],"predecessor-version":[{"id":6155,"href":"https:\/\/centers.ulbsibiu.ro\/ccsprise\/lact\/wp-json\/wp\/v2\/posts\/6154\/revisions\/6155"}],"wp:attachment":[{"href":"https:\/\/centers.ulbsibiu.ro\/ccsprise\/lact\/wp-json\/wp\/v2\/media?parent=6154"}],"wp:term":[{"taxonomy":"category","embeddable":true,"href":"https:\/\/centers.ulbsibiu.ro\/ccsprise\/lact\/wp-json\/wp\/v2\/categories?post=6154"},{"taxonomy":"post_tag","embeddable":true,"href":"https:\/\/centers.ulbsibiu.ro\/ccsprise\/lact\/wp-json\/wp\/v2\/tags?post=6154"}],"curies":[{"name":"wp","href":"https:\/\/api.w.org\/{rel}","templated":true}]}}