{"id":6150,"date":"2019-04-03T18:43:41","date_gmt":"2019-04-03T16:43:41","guid":{"rendered":"https:\/\/centers.ulbsibiu.ro\/ccsprise\/lact\/?p=6150"},"modified":"2019-04-03T18:43:41","modified_gmt":"2019-04-03T16:43:41","slug":"publika-md-reprezentantul-rusiei-pentru-reglementarea-transnistreana-a-vizitat-satul-varnita-oficialul-a-discutat-despre-problemele-satenilor","status":"publish","type":"post","link":"https:\/\/centers.ulbsibiu.ro\/ccsprise\/lact\/publika-md-reprezentantul-rusiei-pentru-reglementarea-transnistreana-a-vizitat-satul-varnita-oficialul-a-discutat-despre-problemele-satenilor\/","title":{"rendered":"Publika.md &#8211; Reprezentantul Rusiei pentru reglementarea transnistrean\u0103 a vizitat satul Varni\u0163a. Oficialul a discutat despre problemele s\u0103tenilor"},"content":{"rendered":"<p><strong>Reprezentantul special al Rusiei pentru reglementarea transnistrean\u0103, Serghei Gubarev, a vizitat satul Varni\u0163a din raionul Anenii Noi, acolo unde localnicii \u00eent\u00e2mpin\u0103 tot mai multe dificult\u0103\u0163i din cauza unui a\u015fa-zis decret al liderului de la Tiraspol.\u00a0\u00a0<\/strong><\/p>\n<p>Printre acestea se num\u0103r\u0103 probleme privind libera circula\u0163ie \u015fi perfectarea actelor cadastrale. Recent, Krasnoselski a semnat un document \u00een care precizeaz\u0103 c\u0103 satul Varni\u021ba, din raionul Anenii Noi, se afl\u0103 temporar sub controlul Republicii Moldova, iar func\u021biile de administrare sunt exercitate de pretinsele structuri locale din satul Protea-gai-lovca.<\/p>\n<p><strong>La ini\u0163iativa vice-premierului pentru Reintegrare, Cristina Lesnic, oficialul rus a vorbit cu mai mul\u0163i locuitori ai acestui sat pentru a se convinge c\u0103 problemele trebuie s\u0103 fie solu\u0163ionate c\u00e2t mai cur\u00e2nd.<\/strong><\/p>\n<p>De\u015fi Serghei Gubarev a refuzat s\u0103 fac\u0103 declara\u0163ii pentru pres\u0103, autorit\u0103\u0163ile de la Chi\u015fin\u0103u spun c\u0103 \u00eentrevederea a fost una constructiv\u0103 \u015fi va permite rezolvarea problemelor localit\u0103\u0163ii.<\/p>\n<p>&#8220;Am venit la Varni\u0163a ca s\u0103 conving\u0103 c\u0103 imediat dup\u0103 emiterea a\u015fa-numitor decrete situa\u0163ia totu\u015fi s-a \u00eenr\u0103ut\u0103\u0163it. Noi am decis s\u0103 continu\u0103m aceste lucruri s\u0103 fie discutate nu doar \u00een grupuri de lucru, dar \u015fi \u00een formatul &#8220;1+1&#8221; \u015fi &#8220;5+2&#8243;. Este important ca domnul Gubarev s\u0103 mearg\u0103 cu opinia pe care \u015fi-a format-o \u00een cadrul unui dialog care mi s-a p\u0103rut foarte constructiv cu localnici&#8221;, a declarat\u00a0Cristina Lesnic, vicepremier pentru Reintegrare.<\/p>\n<p>Cite\u0219te mai mult: <a href=\"https:\/\/www.publika.md\/reprezentantul-rusiei-pentru-reglementarea-transnistreana-a-vizitat-satul-varnita-oficialul-a-discutat-despre-problemele-satenilor_3038696.html#ixzz5k3FsCY32\">https:\/\/www.publika.md\/reprezentantul-rusiei-pentru-reglementarea-transnistreana-a-vizitat-satul-varnita-oficialul-a-discutat-despre-problemele-satenilor_3038696.html#ixzz5k3FsCY32<\/a><br \/>\nFollow us: <a href=\"https:\/\/ec.tynt.com\/b\/rw?id=dWcNF856Wr5OkPrkHcnlKl&amp;u=publikatv\" target=\"_blank\" rel=\"noopener\">@publikatv on Twitter<\/a> | <a href=\"https:\/\/ec.tynt.com\/b\/rf?id=dWcNF856Wr5OkPrkHcnlKl&amp;u=publika.md\" target=\"_blank\" rel=\"noopener\">publika.md on Facebook<\/a><\/p>\n","protected":false},"excerpt":{"rendered":"<p>Reprezentantul special al Rusiei pentru reglementarea transnistrean\u0103, Serghei Gubarev, a vizitat satul Varni\u0163a din raionul Anenii Noi, acolo unde localnicii \u00eent\u00e2mpin\u0103 tot mai multe dificult\u0103\u0163i din cauza unui a\u015fa-zis decret al liderului de la Tiraspol.\u00a0\u00a0 Printre acestea se num\u0103r\u0103 probleme privind libera circula\u0163ie \u015fi perfectarea actelor cadastrale. Recent, Krasnoselski a semnat un document \u00een care&#8230;<\/p>\n","protected":false},"author":2,"featured_media":0,"comment_status":"closed","ping_status":"open","sticky":false,"template":"","format":"standard","meta":[],"categories":[1],"tags":[],"_links":{"self":[{"href":"https:\/\/centers.ulbsibiu.ro\/ccsprise\/lact\/wp-json\/wp\/v2\/posts\/6150"}],"collection":[{"href":"https:\/\/centers.ulbsibiu.ro\/ccsprise\/lact\/wp-json\/wp\/v2\/posts"}],"about":[{"href":"https:\/\/centers.ulbsibiu.ro\/ccsprise\/lact\/wp-json\/wp\/v2\/types\/post"}],"author":[{"embeddable":true,"href":"https:\/\/centers.ulbsibiu.ro\/ccsprise\/lact\/wp-json\/wp\/v2\/users\/2"}],"replies":[{"embeddable":true,"href":"https:\/\/centers.ulbsibiu.ro\/ccsprise\/lact\/wp-json\/wp\/v2\/comments?post=6150"}],"version-history":[{"count":1,"href":"https:\/\/centers.ulbsibiu.ro\/ccsprise\/lact\/wp-json\/wp\/v2\/posts\/6150\/revisions"}],"predecessor-version":[{"id":6151,"href":"https:\/\/centers.ulbsibiu.ro\/ccsprise\/lact\/wp-json\/wp\/v2\/posts\/6150\/revisions\/6151"}],"wp:attachment":[{"href":"https:\/\/centers.ulbsibiu.ro\/ccsprise\/lact\/wp-json\/wp\/v2\/media?parent=6150"}],"wp:term":[{"taxonomy":"category","embeddable":true,"href":"https:\/\/centers.ulbsibiu.ro\/ccsprise\/lact\/wp-json\/wp\/v2\/categories?post=6150"},{"taxonomy":"post_tag","embeddable":true,"href":"https:\/\/centers.ulbsibiu.ro\/ccsprise\/lact\/wp-json\/wp\/v2\/tags?post=6150"}],"curies":[{"name":"wp","href":"https:\/\/api.w.org\/{rel}","templated":true}]}}