{"id":6148,"date":"2019-04-02T18:37:00","date_gmt":"2019-04-02T16:37:00","guid":{"rendered":"https:\/\/centers.ulbsibiu.ro\/ccsprise\/lact\/?p=6148"},"modified":"2019-04-02T18:37:00","modified_gmt":"2019-04-02T16:37:00","slug":"infotag-md-liderul-de-la-tiraspol-considera-ca-pauza-in-procesul-de-negocieri-este-tergiversata","status":"publish","type":"post","link":"https:\/\/centers.ulbsibiu.ro\/ccsprise\/lact\/infotag-md-liderul-de-la-tiraspol-considera-ca-pauza-in-procesul-de-negocieri-este-tergiversata\/","title":{"rendered":"Infotag.md &#8211; LIDERUL DE LA TIRASPOL CONSIDER\u0102 C\u0102 PAUZA \u00ceN PROCESUL DE NEGOCIERI ESTE TERGIVERSAT\u0102"},"content":{"rendered":"<p>\u201eModul stand by\u201d \u00een procesul de negocieri \u00eentre Transnistria \u0219i Moldova este tergiversat, dar, cu toate acestea, chiar \u0219i \u00een condi\u021biile \u201enegocierii \u00een afara sezonului\u201d, problemele curente se rezolv\u0103. Aceast\u0103 opinie a fost exprimat\u0103 mar\u021bi de c\u0103tre pre\u0219edintele autoproclamatei RMN, Vadim Krasnoselski, care a primit la Tiraspol o delega\u021bie rus\u0103, condus\u0103 de ambasadorul cu misiuni speciale al MAE al Rusiei, Serghei Gubarev.<\/p>\n<p>Potrivit agen\u0163iei INFOTAG cu referire la site-ul liderului transnistrean, el a men\u021bionat \u201enatura sistemic\u0103 \u0219i constructiv\u0103 a interac\u021biunii cu MAE al Rusiei\u201d, exprim\u00e2ndu-\u0219i recuno\u0219tin\u021ba pentru \u201eaten\u021bia deosebit\u0103 fa\u021b\u0103 de Transnistria\u201d.<br \/>\nKrasnoselski a subliniat importan\u021ba principial\u0103 a particip\u0103rii Federa\u021biei Ruse la lucr\u0103rile formatului \u201e5+2\u201d \u0219i s-a ar\u0103tat mul\u0163umit de posibilitatea \u201ede a discuta perspectivele negocierilor cu reprezentan\u021bii \u021b\u0103rii garant \u0219i mediator\u201d.<br \/>\nPotrivit lui, \u00een pofida \u201epauzei\u201d temporare legate de evenimentele politice din Moldova \u0219i de formarea noului Guvern, din care face parte \u0219i reprezentantul Moldovei pentru probleme politice, \u201ela nivelul grupurilor de lucru a fost atins\u0103, de exemplu, o \u00een\u0163elegere privind sincronizarea perioadei de prohibi\u0163ie (de la 15 aprilie p\u00e2n\u0103 la 15 iunie) \u00een r\u00e2ul Nistru\u201d.<br \/>\nLiderul de la Tiraspol a spus c\u0103 \u201eprobleme de mediu, \u00een special, p\u0103strarea resurselor biologice acvatice ale Nistrului, sunt extrem de importante pentru locuitorii din ambele \u021b\u0103ri\u201d.<br \/>\n\u201eAv\u00e2nd \u00een vedere temerile cresc\u00e2nde, diseminarea informa\u021biilor care nu sunt \u00eentotdeauna de \u00eencredere \u0219i specula\u021biile din jurul \u201etemei fluviului\u201d, este oportun ca \u00een actuala agend\u0103 de negocieri s\u0103 fie incluse problemele de mediu\u201d, a spus el, enumer\u00e2nd printre problemele de actualitate telecomunica\u021biile \u0219i sfera bancar\u0103.<br \/>\nInterlocutorii au exprimat opinia comun\u0103 \u201ecu privire la inadmisibilitatea transform\u0103rii acestei pauze tactice \u00een negocieri \u00een una strategic\u0103\u201d \u0219i \u201ecu privire la oportunitatea relu\u0103rii activit\u0103\u021bii intense la toate nivelurile dialogului, inclusiv \u201eReuniunea permanent\u0103&#8230;\u201d.<br \/>\n\u201e\u00cent\u00e2lnirea \u00een formatul \u201e5+2\u201d este oportun\u0103 \u0219i necesar\u0103 pentru formarea unei idei despre starea real\u0103 a lucrurilor \u00een procesul de negocieri la momentul de ast\u0103zi\u201d, a explicat Gubarev.<br \/>\nParticipan\u021bii la \u00eentrevedere \u201eau discutat o gam\u0103 larg\u0103 de chestiuni privind agenda negocierilor \u0219i cooperarea bilateral\u0103 ruso-transnistrean\u0103\u201d, convenind \u201es\u0103 continue cooperarea str\u00e2ns\u0103 \u00een toate domeniile de interes comun\u201d.<\/p>\n<p>Sursa:\u00a0<a href=\"http:\/\/www.infotag.md\/rebelion-ro\/274434\/\">http:\/\/www.infotag.md\/<\/a><\/p>\n","protected":false},"excerpt":{"rendered":"<p>\u201eModul stand by\u201d \u00een procesul de negocieri \u00eentre Transnistria \u0219i Moldova este tergiversat, dar, cu toate acestea, chiar \u0219i \u00een condi\u021biile \u201enegocierii \u00een afara sezonului\u201d, problemele curente se rezolv\u0103. Aceast\u0103 opinie a fost exprimat\u0103 mar\u021bi de c\u0103tre pre\u0219edintele autoproclamatei RMN, Vadim Krasnoselski, care a primit la Tiraspol o delega\u021bie rus\u0103, condus\u0103 de ambasadorul cu misiuni&#8230;<\/p>\n","protected":false},"author":2,"featured_media":0,"comment_status":"closed","ping_status":"open","sticky":false,"template":"","format":"standard","meta":[],"categories":[1],"tags":[],"_links":{"self":[{"href":"https:\/\/centers.ulbsibiu.ro\/ccsprise\/lact\/wp-json\/wp\/v2\/posts\/6148"}],"collection":[{"href":"https:\/\/centers.ulbsibiu.ro\/ccsprise\/lact\/wp-json\/wp\/v2\/posts"}],"about":[{"href":"https:\/\/centers.ulbsibiu.ro\/ccsprise\/lact\/wp-json\/wp\/v2\/types\/post"}],"author":[{"embeddable":true,"href":"https:\/\/centers.ulbsibiu.ro\/ccsprise\/lact\/wp-json\/wp\/v2\/users\/2"}],"replies":[{"embeddable":true,"href":"https:\/\/centers.ulbsibiu.ro\/ccsprise\/lact\/wp-json\/wp\/v2\/comments?post=6148"}],"version-history":[{"count":1,"href":"https:\/\/centers.ulbsibiu.ro\/ccsprise\/lact\/wp-json\/wp\/v2\/posts\/6148\/revisions"}],"predecessor-version":[{"id":6149,"href":"https:\/\/centers.ulbsibiu.ro\/ccsprise\/lact\/wp-json\/wp\/v2\/posts\/6148\/revisions\/6149"}],"wp:attachment":[{"href":"https:\/\/centers.ulbsibiu.ro\/ccsprise\/lact\/wp-json\/wp\/v2\/media?parent=6148"}],"wp:term":[{"taxonomy":"category","embeddable":true,"href":"https:\/\/centers.ulbsibiu.ro\/ccsprise\/lact\/wp-json\/wp\/v2\/categories?post=6148"},{"taxonomy":"post_tag","embeddable":true,"href":"https:\/\/centers.ulbsibiu.ro\/ccsprise\/lact\/wp-json\/wp\/v2\/tags?post=6148"}],"curies":[{"name":"wp","href":"https:\/\/api.w.org\/{rel}","templated":true}]}}