{"id":6146,"date":"2019-04-02T18:33:46","date_gmt":"2019-04-02T16:33:46","guid":{"rendered":"https:\/\/centers.ulbsibiu.ro\/ccsprise\/lact\/?p=6146"},"modified":"2019-04-02T18:33:46","modified_gmt":"2019-04-02T16:33:46","slug":"gov-md-o-noua-intrevedere-dintre-viceprim-ministrul-pentru-reintegrare-cristina-lesnic-si-reprezentantul-special-al-federatiei-ruse-in-procesul-de-reglementare-a-conflictului-transnistrean-serghei","status":"publish","type":"post","link":"https:\/\/centers.ulbsibiu.ro\/ccsprise\/lact\/gov-md-o-noua-intrevedere-dintre-viceprim-ministrul-pentru-reintegrare-cristina-lesnic-si-reprezentantul-special-al-federatiei-ruse-in-procesul-de-reglementare-a-conflictului-transnistrean-serghei\/","title":{"rendered":"Gov.md &#8211; O nou\u0103 \u00eentrevedere dintre viceprim-ministrul pentru Reintegrare, Cristina Lesnic \u0219i reprezentantul special al Federa\u021biei Ruse \u00een procesul de reglementare a conflictului transnistrean, Serghei Gubarev"},"content":{"rendered":"<p>Viceprim-ministrul pentru Reintegrare, Cristina Lesnic, a avut o \u00eentrevedere cu reprezentantul special al Federa\u021biei Ruse \u00een procesul de reglementare a conflictului transnistrean, Serghei Gubarev.<\/p>\n<p>Oficialii au f\u0103cut un schimb de opinii detaliat privind evolu\u021biile \u00een dosarul transnistrean, dialogul dintre Chi\u0219in\u0103u \u0219i Tiraspol, dar \u0219i privind subiectele de interes \u00een procesul de negocieri.<\/p>\n<p>Oficialul Federa\u021biei Ruse din formatul \u201e5+2\u201d a fost interesat de subiectul permiselor de conducere, iar partea moldoveneasc\u0103 a confirmat c\u0103 preschimbarea permiselor de conducere transnistrene \u00een cele ale Republicii Moldova denot\u0103 o tendin\u021b\u0103 pozitiv\u0103 \u0219i permite aducerea \u00een c\u00e2mpul legal a conduc\u0103torilor auto, astfel cunosc\u00e2nd exact cine este la volanul autovehiculului \u00een timpul deplas\u0103rii \u00een trafic rutier. Mai\u00a0mult, vicepremierul a subliniat c\u0103 temele care merit\u0103 discutate la viitoarea reuniune pe domeniul transportului \u021bin de asigur\u0103rile de r\u0103spundere civil\u0103 auto \u0219i de respectarea normelor legale \u00een traficul rutier interna\u021bional.<\/p>\n<p>Oficialii au abordat \u0219i situa\u021bia tensionat\u0103 din localitatea Varni\u021ba, unde decretele liderului de la Tiraspol din ultima perioad\u0103 creeaz\u0103 dificult\u0103\u021bi pentru localnici.<\/p>\n<p>La invita\u021bia negociatorului-\u0219ef din partea Chi\u0219in\u0103ului, Cristinei Lesnic, reprezentantul special al Federa\u021biei Ruse, Serghei Gubarev, a acceptat s\u0103 efectueze o vizit\u0103 \u00een satul Varni\u021ba \u0219i s\u0103 se documenteze la fa\u021ba locului \u00een data de 3 aprilie.<\/p>\n<p>Un alt subiect abordat \u00een cadrul \u00eentrevederii a fost incidentul de la Uzina Metalurgic\u0103 din ora\u0219ul R\u00eebni\u021ba \u0219i tergiversarea prezent\u0103rii informa\u021biei relevante autorit\u0103\u021bilor de la Chi\u0219in\u0103u. Cazul este un precedent \u00een domeniul situa\u021biilor excep\u021bionale \u0219i trebuie abordat \u00een regim de urgen\u021b\u0103, iar proiectul Deciziei protocolare asupra c\u0103ruia s-a muncit \u00een anul 2018, s\u0103 fie acceptat pentru semnare.<\/p>\n<p>Vicepremierul a \u021binut s\u0103 reaminteasc\u0103 c\u0103 urmare Declara\u021biei ministeriale de la Milano din 2018, actorii din formatul \u201e5+2\u201d au acceptat s\u0103 se discute toate subiectele din toate co\u0219urile de pe agenda de lucru, iar subiectul depozitului de arme \u0219i muni\u021bii de la Cobasna nu face excep\u021bie.<\/p>\n<p>La \u0219edin\u021b\u0103 au\u00a0mai\u00a0participat reprezentan\u021bi ai Biroului politici de reintegrare \u0219i ai Ministerului Afacerilor Externe \u0219i Integr\u0103rii Europene.<\/p>\n<p>Sursa:\u00a0<a href=\"https:\/\/gov.md\/ro\/content\/o-noua-intrevedere-dintre-viceprim-ministrul-pentru-reintegrare-cristina-lesnic-si\">https:\/\/gov.md\/<\/a><\/p>\n","protected":false},"excerpt":{"rendered":"<p>Viceprim-ministrul pentru Reintegrare, Cristina Lesnic, a avut o \u00eentrevedere cu reprezentantul special al Federa\u021biei Ruse \u00een procesul de reglementare a conflictului transnistrean, Serghei Gubarev. Oficialii au f\u0103cut un schimb de opinii detaliat privind evolu\u021biile \u00een dosarul transnistrean, dialogul dintre Chi\u0219in\u0103u \u0219i Tiraspol, dar \u0219i privind subiectele de interes \u00een procesul de negocieri. Oficialul Federa\u021biei Ruse&#8230;<\/p>\n","protected":false},"author":2,"featured_media":0,"comment_status":"closed","ping_status":"open","sticky":false,"template":"","format":"standard","meta":[],"categories":[1],"tags":[],"_links":{"self":[{"href":"https:\/\/centers.ulbsibiu.ro\/ccsprise\/lact\/wp-json\/wp\/v2\/posts\/6146"}],"collection":[{"href":"https:\/\/centers.ulbsibiu.ro\/ccsprise\/lact\/wp-json\/wp\/v2\/posts"}],"about":[{"href":"https:\/\/centers.ulbsibiu.ro\/ccsprise\/lact\/wp-json\/wp\/v2\/types\/post"}],"author":[{"embeddable":true,"href":"https:\/\/centers.ulbsibiu.ro\/ccsprise\/lact\/wp-json\/wp\/v2\/users\/2"}],"replies":[{"embeddable":true,"href":"https:\/\/centers.ulbsibiu.ro\/ccsprise\/lact\/wp-json\/wp\/v2\/comments?post=6146"}],"version-history":[{"count":1,"href":"https:\/\/centers.ulbsibiu.ro\/ccsprise\/lact\/wp-json\/wp\/v2\/posts\/6146\/revisions"}],"predecessor-version":[{"id":6147,"href":"https:\/\/centers.ulbsibiu.ro\/ccsprise\/lact\/wp-json\/wp\/v2\/posts\/6146\/revisions\/6147"}],"wp:attachment":[{"href":"https:\/\/centers.ulbsibiu.ro\/ccsprise\/lact\/wp-json\/wp\/v2\/media?parent=6146"}],"wp:term":[{"taxonomy":"category","embeddable":true,"href":"https:\/\/centers.ulbsibiu.ro\/ccsprise\/lact\/wp-json\/wp\/v2\/categories?post=6146"},{"taxonomy":"post_tag","embeddable":true,"href":"https:\/\/centers.ulbsibiu.ro\/ccsprise\/lact\/wp-json\/wp\/v2\/tags?post=6146"}],"curies":[{"name":"wp","href":"https:\/\/api.w.org\/{rel}","templated":true}]}}