{"id":6142,"date":"2019-04-01T19:14:38","date_gmt":"2019-04-01T17:14:38","guid":{"rendered":"https:\/\/centers.ulbsibiu.ro\/ccsprise\/lact\/?p=6142"},"modified":"2019-04-01T19:14:38","modified_gmt":"2019-04-01T17:14:38","slug":"infotag-md-transnistria-este-cu-mult-inainte-de-palestina-din-punct-de-vedere-al-democratiei-liderul-de-la-tiraspol","status":"publish","type":"post","link":"https:\/\/centers.ulbsibiu.ro\/ccsprise\/lact\/infotag-md-transnistria-este-cu-mult-inainte-de-palestina-din-punct-de-vedere-al-democratiei-liderul-de-la-tiraspol\/","title":{"rendered":"Infotag.md &#8211; TRANSNISTRIA ESTE CU MULT \u00ceNAINTE DE PALESTINA DIN PUNCT DE VEDERE AL DEMOCRA\u0162IEI \u2013 LIDERUL DE LA TIRASPOL"},"content":{"rendered":"<p>\u201ePalestina \u0219i Transnistria sunt incomparabile. Noi suntem mult \u00eenainte \u00een ceea ce prive\u0219te dezvoltarea democra\u021biei, a institu\u021biilor puterii \u0219i a economiei\u201d, sus\u0163ine pre\u0219edintele autoproclamatei RMN, Vadim Krasnoselski.<\/p>\n<p>Potrivit agen\u0163iei INFOTAG cu referire la site-ul liderului de la Tiraspol, el a abordat aceast\u0103 chestiune \u00eentr-un interviu acordat jurnali\u0219tilor de la posturile locale de televiziune, reamintind c\u0103 Palestina are statut special \u00een cadrul ONU, \u00eens\u0103 Transnistria \u2013 nu.<br \/>\nCu toate acestea, Krasnoselski consider\u0103 c\u0103 solicitarea sa c\u0103tre ONU de a acorda Transnistriei un astfel de statut a fost auzit\u0103, la fel \u0219i solicitarea de a oferi \u201eo platform\u0103 pentru prezentarea informa\u021biilor despre ceea ce reprezint\u0103 republica, ce se \u00eent\u00e2mpl\u0103 aici, inclusiv \u00een domeniul drepturilor omului\u201d.<br \/>\n\u201eAm fost auzi\u0163i. Pot dezv\u0103lui c\u00e2teva detalii. Vizita reprezentantului nostru la Moscova, Leonid Manakov, \u00een martie, la cea de-a 40-a sesiune ONU privind drepturile omului nu a fost \u00eent\u00e2mpl\u0103toare. Participarea a avut loc la invita\u021bia ONU, care a sosit \u00een adresa Transnistriei. Manakov a fost invitat la Geneva \u0219i a prezentat un raport asupra modului \u00een care sunt respectate drepturile omului \u00een Transnistria \u2013 \u00een condi\u021biile dificile ale existen\u021bei statului nostru. La finalul discursului s\u0103u, el a concluzionat c\u0103 drepturile reprezentan\u021bilor tuturor na\u021bionalit\u0103\u021bilor care tr\u0103iesc \u00een Transnistria \u0219i a altor categorii de cet\u0103\u021beni pot fi respectate numai cu condi\u0163ia men\u021binerii statalit\u0103\u0163ii transnistrene\u201d, a spus Krasnoselski.<br \/>\nPotrivit lui, \u201epoporul transnistrean este o comunitate format\u0103, iar Transnistria este un stat democratic \u00een care sunt create toate institu\u021biile puterii, iar drepturile omului sunt respectate\u201d.<br \/>\n\u201eVrem ca Transnistria s\u0103 fie atractiv\u0103, ca s\u0103 aducem informa\u021bii despre ceea ce este \u00een realitate, dar nu informa\u0163ii distorsionate \u2013 tot felul de pove\u015fti de groaz\u0103 despre oameni \u00eenarma\u021bi, tancuri \u0219i avioane. Aceasta este o minciun\u0103 pe care o lanseaz\u0103 anume cei c\u0103rora le convine s\u0103 prezinte Transnistriei \u00een nuan\u021be gri. Unul dintre conceptele de dezvoltare a republicii este construirea unui stat orientat social cu o form\u0103 de economie de pia\u021b\u0103, adic\u0103 un stat care lucreaz\u0103 pentru popor, iar noi trebuie s\u0103 ar\u0103t\u0103m acest lucru. De noi trebuie s\u0103 se intereseze inclusiv investitorii\u201d, a spus Krasnoselski, care a reamintit c\u0103, dup\u0103 deschiderea reprezentan\u021bei la Moscova, el a stabilit sarcina \u201ede a deschide reprezentan\u021be similare la Kiev, deoarece Ucraina este un garant \u00een procesul de negocieri, \u0219i la Bruxelles, deoarece Uniunea European\u0103 este unul dintre partenerii Transnistriei \u00een ceea ce prive\u0219te opera\u021biunile de export-import \u0219i un observator \u00een formatul \u201e5+2\u201d.<\/p>\n<p>Sursa:\u00a0<a href=\"http:\/\/www.infotag.md\/rebelion-ro\/274336\/\">http:\/\/www.infotag.md\/<\/a><\/p>\n","protected":false},"excerpt":{"rendered":"<p>\u201ePalestina \u0219i Transnistria sunt incomparabile. Noi suntem mult \u00eenainte \u00een ceea ce prive\u0219te dezvoltarea democra\u021biei, a institu\u021biilor puterii \u0219i a economiei\u201d, sus\u0163ine pre\u0219edintele autoproclamatei RMN, Vadim Krasnoselski. Potrivit agen\u0163iei INFOTAG cu referire la site-ul liderului de la Tiraspol, el a abordat aceast\u0103 chestiune \u00eentr-un interviu acordat jurnali\u0219tilor de la posturile locale de televiziune, reamintind c\u0103&#8230;<\/p>\n","protected":false},"author":2,"featured_media":0,"comment_status":"closed","ping_status":"open","sticky":false,"template":"","format":"standard","meta":[],"categories":[1],"tags":[],"_links":{"self":[{"href":"https:\/\/centers.ulbsibiu.ro\/ccsprise\/lact\/wp-json\/wp\/v2\/posts\/6142"}],"collection":[{"href":"https:\/\/centers.ulbsibiu.ro\/ccsprise\/lact\/wp-json\/wp\/v2\/posts"}],"about":[{"href":"https:\/\/centers.ulbsibiu.ro\/ccsprise\/lact\/wp-json\/wp\/v2\/types\/post"}],"author":[{"embeddable":true,"href":"https:\/\/centers.ulbsibiu.ro\/ccsprise\/lact\/wp-json\/wp\/v2\/users\/2"}],"replies":[{"embeddable":true,"href":"https:\/\/centers.ulbsibiu.ro\/ccsprise\/lact\/wp-json\/wp\/v2\/comments?post=6142"}],"version-history":[{"count":1,"href":"https:\/\/centers.ulbsibiu.ro\/ccsprise\/lact\/wp-json\/wp\/v2\/posts\/6142\/revisions"}],"predecessor-version":[{"id":6143,"href":"https:\/\/centers.ulbsibiu.ro\/ccsprise\/lact\/wp-json\/wp\/v2\/posts\/6142\/revisions\/6143"}],"wp:attachment":[{"href":"https:\/\/centers.ulbsibiu.ro\/ccsprise\/lact\/wp-json\/wp\/v2\/media?parent=6142"}],"wp:term":[{"taxonomy":"category","embeddable":true,"href":"https:\/\/centers.ulbsibiu.ro\/ccsprise\/lact\/wp-json\/wp\/v2\/categories?post=6142"},{"taxonomy":"post_tag","embeddable":true,"href":"https:\/\/centers.ulbsibiu.ro\/ccsprise\/lact\/wp-json\/wp\/v2\/tags?post=6142"}],"curies":[{"name":"wp","href":"https:\/\/api.w.org\/{rel}","templated":true}]}}