{"id":6138,"date":"2019-03-31T19:19:02","date_gmt":"2019-03-31T17:19:02","guid":{"rendered":"https:\/\/centers.ulbsibiu.ro\/ccsprise\/lact\/?p=6138"},"modified":"2019-03-31T19:19:02","modified_gmt":"2019-03-31T17:19:02","slug":"infotag-md-cci-franta-moldova-a-discutat-oportunitatile-de-realizare-a-unor-proiecte-comune-cu-colegii-transnistreni","status":"publish","type":"post","link":"https:\/\/centers.ulbsibiu.ro\/ccsprise\/lact\/infotag-md-cci-franta-moldova-a-discutat-oportunitatile-de-realizare-a-unor-proiecte-comune-cu-colegii-transnistreni\/","title":{"rendered":"Infotag.md &#8211; CCI FRAN\u0162A-MOLDOVA A DISCUTAT OPORTUNIT\u0102\u0162ILE DE REALIZARE A UNOR PROIECTE COMUNE CU COLEGII TRANSNISTRENI"},"content":{"rendered":"<p>Posibilitatea realiz\u0103rii unor proiecte comune \u00een domeniul economic a constituit subiectul discu\u021biilor din ajun, la Tiraspol, la \u00eentrevederea conducerii Camerei de Comer\u021b \u015fi Industrie (CCI) Fran\u021ba-Moldova cu reprezentan\u021bii CCI a autoproclamatei RMN.<\/p>\n<p>Potrivit agen\u0163iei INFOTAG cu referire la site-ul institu\u0163iei transnistrene, discu\u0163iile s-au axat \u00een special pe \u201eatragerea investi\u021biilor franceze \u00een economia Transnistriei \u0219i stabilirea contactelor bilaterale \u00eentre reprezentan\u021bii comunit\u0103\u021bilor de afaceri din cele dou\u0103 \u021b\u0103ri\u201d.<br \/>\n\u00centrevederea a avut loc \u00een cadrul Festivalului c\u00e2ntecului \u0219i filmului francez \u00een Transnistria. Astfel, pre\u0219edintele CCI Fran\u021ba-Moldova, Emanuel Skoulios, care este \u0219i directorul Alian\u021bei Franceze din Moldova, a vorbit despre activitatea centrului cultural-lingvistic al Alian\u021bei Franceze \u0219i despre perspectivele de extindere a geografiei activit\u0103\u021bii sale.<br \/>\nPotrivit lui, ast\u0103zi acesta este singurul centru din Moldova unde se sus\u0163in examenele la limba francez\u0103: DELF\/DALF, TCF\/TCF ANF, e-TEF, TEFaQ \u0219i TCF Qu\u00e9bec, care sunt solicitate de Ministerul Imigra\u021biei, Diversit\u0103\u021bii \u0219i Integr\u0103rii (MIDI) pentru ob\u0163inerea vizei pentru Qu\u00e9bec.<br \/>\nTotodat\u0103, Alian\u021ba este un centru autorizat de sus\u0163inere a examenelor pentru Cambridge English. Aceste examene, precum \u0219i testele la limba francez\u0103, permit ob\u0163inerea scutirii de a sus\u0163ine examenul de bacalaureat la limba str\u0103in\u0103.<br \/>\n\u00cen cadrul Universit\u0103\u0163ii transnistrene, Alian\u021ba a \u00eenfiin\u021bat un Centru de resurse informa\u021bionale despre Fran\u021ba modern\u0103, care func\u0163ioneaz\u0103 cu succes.<br \/>\nLa finele \u015fedin\u0163ei, p\u0103r\u021bile \u0219i-au exprimat speran\u021ba pentru o cooperare fructuoas\u0103 \u0219i asisten\u021b\u0103 reciproc\u0103 \u00een chestiuni legate de competen\u021ba ambelor p\u0103r\u021bi.<\/p>\n<p>Sursa:\u00a0<a href=\"http:\/\/www.infotag.md\/rebelion-ro\/274292\/\">http:\/\/www.infotag.md\/<\/a><\/p>\n","protected":false},"excerpt":{"rendered":"<p>Posibilitatea realiz\u0103rii unor proiecte comune \u00een domeniul economic a constituit subiectul discu\u021biilor din ajun, la Tiraspol, la \u00eentrevederea conducerii Camerei de Comer\u021b \u015fi Industrie (CCI) Fran\u021ba-Moldova cu reprezentan\u021bii CCI a autoproclamatei RMN. Potrivit agen\u0163iei INFOTAG cu referire la site-ul institu\u0163iei transnistrene, discu\u0163iile s-au axat \u00een special pe \u201eatragerea investi\u021biilor franceze \u00een economia Transnistriei \u0219i stabilirea&#8230;<\/p>\n","protected":false},"author":2,"featured_media":0,"comment_status":"closed","ping_status":"open","sticky":false,"template":"","format":"standard","meta":[],"categories":[1],"tags":[],"_links":{"self":[{"href":"https:\/\/centers.ulbsibiu.ro\/ccsprise\/lact\/wp-json\/wp\/v2\/posts\/6138"}],"collection":[{"href":"https:\/\/centers.ulbsibiu.ro\/ccsprise\/lact\/wp-json\/wp\/v2\/posts"}],"about":[{"href":"https:\/\/centers.ulbsibiu.ro\/ccsprise\/lact\/wp-json\/wp\/v2\/types\/post"}],"author":[{"embeddable":true,"href":"https:\/\/centers.ulbsibiu.ro\/ccsprise\/lact\/wp-json\/wp\/v2\/users\/2"}],"replies":[{"embeddable":true,"href":"https:\/\/centers.ulbsibiu.ro\/ccsprise\/lact\/wp-json\/wp\/v2\/comments?post=6138"}],"version-history":[{"count":1,"href":"https:\/\/centers.ulbsibiu.ro\/ccsprise\/lact\/wp-json\/wp\/v2\/posts\/6138\/revisions"}],"predecessor-version":[{"id":6139,"href":"https:\/\/centers.ulbsibiu.ro\/ccsprise\/lact\/wp-json\/wp\/v2\/posts\/6138\/revisions\/6139"}],"wp:attachment":[{"href":"https:\/\/centers.ulbsibiu.ro\/ccsprise\/lact\/wp-json\/wp\/v2\/media?parent=6138"}],"wp:term":[{"taxonomy":"category","embeddable":true,"href":"https:\/\/centers.ulbsibiu.ro\/ccsprise\/lact\/wp-json\/wp\/v2\/categories?post=6138"},{"taxonomy":"post_tag","embeddable":true,"href":"https:\/\/centers.ulbsibiu.ro\/ccsprise\/lact\/wp-json\/wp\/v2\/tags?post=6138"}],"curies":[{"name":"wp","href":"https:\/\/api.w.org\/{rel}","templated":true}]}}