{"id":6136,"date":"2019-03-31T19:17:48","date_gmt":"2019-03-31T17:17:48","guid":{"rendered":"https:\/\/centers.ulbsibiu.ro\/ccsprise\/lact\/?p=6136"},"modified":"2019-03-31T19:17:48","modified_gmt":"2019-03-31T17:17:48","slug":"radiochisinau-md-separatistii-de-la-tiraspol-cer-onu-statut-special-dupa-exemplul-palestinei","status":"publish","type":"post","link":"https:\/\/centers.ulbsibiu.ro\/ccsprise\/lact\/radiochisinau-md-separatistii-de-la-tiraspol-cer-onu-statut-special-dupa-exemplul-palestinei\/","title":{"rendered":"Radiochisinau.md &#8211; Separati\u015ftii de la Tiraspol cer ONU statut special dup\u0103 exemplul Palestinei"},"content":{"rendered":"<p class=\"story-body__introduction\">Administra\u021bia separatist\u0103 de la Tiraspol \u00ee\u0219i dore\u0219te un statut special, dup\u0103 exemplul Palestinei. Liderul separatist Vadim Krasnoselski spune c\u0103 chiar dac\u0103 \u00eentre Palestina \u015fi Transnistria sunt diferen\u0163e \u00een ceea ce prive\u015fte dezvoltarea democra\u0163iei, a institu\u0163iilor guvernamentale \u015fi a economiei, Palestina are acest statut, dar transnistrenii nu.<\/p>\n<div class=\"articleContent\">\n<p class=\"digest\">A\u015fa c\u0103, pe baza acestui exemplu, s-au adresat la ONU cu o cerere de acordare a statutului special Transnistriei, transmite agen\u021bia Novosti PMR, citat\u0103 de TVR Moldova.<\/p>\n<div class=\"content\">\n<p>Potrivit sursei citate, Krasnoselski a mai declarat c\u0103 reprezentan\u0163ii transnistreni au solicitat secretarului general al ONU, ca \u00een cadrul organiza\u0163iei,\u00a0Transnistriei s\u0103-i fie acordat\u0103\u00a0o platform\u0103 de comunicare a informa\u0163iilor despre regiune \u015fi despre evenimentele care au loc aici, inclusiv \u00een domeniul drepturilor omului.<\/p>\n<p>Referindu-se la acest subiect, liderul de la Tiraspol a men\u0163ionat:\u00a0&#8220;Am fost auzi\u0163i. Pot dezv\u0103lui c\u00e2teva detalii. La elaborarea agendei, definind principalele probleme pe care ONU urma s\u0103 le ia \u00een considerare \u00een 2018, una dintre cele 12 a inclus problema Transnistriei. A \u00eenceput dialogul&#8221;.<\/p>\n<p>Sursa:\u00a0<a href=\"https:\/\/radiochisinau.md\/separatistii-de-la-tiraspol-cer-onu-statut-special-dupa-exemplul-palestinei---84875.html\">https:\/\/radiochisinau.md\/<\/a><\/p>\n<\/div>\n<\/div>\n","protected":false},"excerpt":{"rendered":"<p>Administra\u021bia separatist\u0103 de la Tiraspol \u00ee\u0219i dore\u0219te un statut special, dup\u0103 exemplul Palestinei. Liderul separatist Vadim Krasnoselski spune c\u0103 chiar dac\u0103 \u00eentre Palestina \u015fi Transnistria sunt diferen\u0163e \u00een ceea ce prive\u015fte dezvoltarea democra\u0163iei, a institu\u0163iilor guvernamentale \u015fi a economiei, Palestina are acest statut, dar transnistrenii nu. A\u015fa c\u0103, pe baza acestui exemplu, s-au adresat la&#8230;<\/p>\n","protected":false},"author":2,"featured_media":0,"comment_status":"closed","ping_status":"open","sticky":false,"template":"","format":"standard","meta":[],"categories":[1],"tags":[],"_links":{"self":[{"href":"https:\/\/centers.ulbsibiu.ro\/ccsprise\/lact\/wp-json\/wp\/v2\/posts\/6136"}],"collection":[{"href":"https:\/\/centers.ulbsibiu.ro\/ccsprise\/lact\/wp-json\/wp\/v2\/posts"}],"about":[{"href":"https:\/\/centers.ulbsibiu.ro\/ccsprise\/lact\/wp-json\/wp\/v2\/types\/post"}],"author":[{"embeddable":true,"href":"https:\/\/centers.ulbsibiu.ro\/ccsprise\/lact\/wp-json\/wp\/v2\/users\/2"}],"replies":[{"embeddable":true,"href":"https:\/\/centers.ulbsibiu.ro\/ccsprise\/lact\/wp-json\/wp\/v2\/comments?post=6136"}],"version-history":[{"count":1,"href":"https:\/\/centers.ulbsibiu.ro\/ccsprise\/lact\/wp-json\/wp\/v2\/posts\/6136\/revisions"}],"predecessor-version":[{"id":6137,"href":"https:\/\/centers.ulbsibiu.ro\/ccsprise\/lact\/wp-json\/wp\/v2\/posts\/6136\/revisions\/6137"}],"wp:attachment":[{"href":"https:\/\/centers.ulbsibiu.ro\/ccsprise\/lact\/wp-json\/wp\/v2\/media?parent=6136"}],"wp:term":[{"taxonomy":"category","embeddable":true,"href":"https:\/\/centers.ulbsibiu.ro\/ccsprise\/lact\/wp-json\/wp\/v2\/categories?post=6136"},{"taxonomy":"post_tag","embeddable":true,"href":"https:\/\/centers.ulbsibiu.ro\/ccsprise\/lact\/wp-json\/wp\/v2\/tags?post=6136"}],"curies":[{"name":"wp","href":"https:\/\/api.w.org\/{rel}","templated":true}]}}