{"id":6132,"date":"2019-03-29T21:04:39","date_gmt":"2019-03-29T19:04:39","guid":{"rendered":"https:\/\/centers.ulbsibiu.ro\/ccsprise\/lact\/?p=6132"},"modified":"2019-03-29T21:04:39","modified_gmt":"2019-03-29T19:04:39","slug":"fumn-eu-scrisoare-deschisa-adresata-excelentei-sale-ambasadorul-r-moldova-la-bucuresti-mihai-gribincea","status":"publish","type":"post","link":"https:\/\/centers.ulbsibiu.ro\/ccsprise\/lact\/fumn-eu-scrisoare-deschisa-adresata-excelentei-sale-ambasadorul-r-moldova-la-bucuresti-mihai-gribincea\/","title":{"rendered":"Fumn.eu &#8211; Scrisoare deschis\u0103 adresat\u0103 Excelen\u021bei Sale, Ambasadorul R. Moldova la Bucure\u0219ti, Mihai Gribincea"},"content":{"rendered":"<p>Dan Dungaciu | FUMN | 29.03.2019<\/p>\n<p>&nbsp;<\/p>\n<p>Distinse Domnule Ambasador,<\/p>\n<p>V\u0103 scriu \u00een leg\u0103tur\u0103 cu interven\u021biile dumneavoastr\u0103 publice \u00een urma <a href=\"https:\/\/www.privesc.eu\/Arhiva\/85776\/Dezbaterea-organizata-de-Fundatia-Universitara-a-Marii-Negre-Negre--cu-sprijinul-The-Black-Sea-Trust-for-Regional-Cooperation--cu-tema--Transnistria-i\">evenimentului<\/a> \u201eTransnistria \u00eentre Moscova \u0219i Chi\u0219in\u0103u. Prima cercetare sociologic\u0103 dincolo de Nistru\u201d, organizat de Funda\u021bia Universitar\u0103 a M\u0103rii Negre \u201eMircea Mali\u021ba\u201d (<a href=\"http:\/\/fumn.eu\/en\">fumn.eu<\/a>), miercuri, 27 martie, ora 17.00. Evenimentul nostru a constat \u00een prezentarea public\u0103 a unei cercet\u0103ri sociologice ample, \u00eentreprinse \u00een regiunea transnistrean\u0103, prin sondaj de opinie, focus-grup \u0219i interviuri cu exper\u021bi. Men\u021bionez c\u0103 cercetarea a fost realizat\u0103 cu sprijinul financiar al GMF Rom\u00e2nia \u0219i este prima de acest gen prezentat\u0103 vreodat\u0103 \u00een Rom\u00e2nia sau R. Moldova. La eveniment a participat un public numeros, inclusiv ambasadori sau diploma\u021bi acredita\u021bi \u00een Rom\u00e2nia din R. Moldova, Ucraina, Marea Britanie, Federa\u021bia Rus\u0103, Polonia sau Japonia.<\/p>\n<p>V\u0103 scriu \u00een calitate de Pre\u0219edinte al FUMN, dar \u0219i de cuno\u0219tin\u021be vechi, de decenii, inclusiv \u00een calitatea mea de fost consilier preziden\u021bial la Chi\u0219in\u0103u unde am sprijinit \u0219i urm\u0103rit cu bucurie activitatea dumneavoastr\u0103 diplomatic\u0103, \u00een calitate de ambasador, de la sediul NATO de la Bruxelles.<\/p>\n<p>\u00cen cadrul conferin\u021bei a\u021bi intervenit la un moment dat, intempestiv, afirm\u00e2nd c\u0103 \u201e\u00eentreg conceptul studiului este gre\u0219it\u201d \u0219i calific\u00e2nd ac\u021biunea noastr\u0103 drept \u201epromovare a identit\u0103\u021bii transnistrene\u201d (minutul 1.51). Ulterior, \u00een aceea\u0219i zi, spre sear\u0103, a\u021bi revenit \u0219i mai explicit pe Facebook, unde a\u021bi calificat evenimentul ca \u201enimic altceva dec\u00e2t o ac\u021biune de promovare a teoriei ruse\u0219ti despre \u00abpoporul transnistrean\u00bb la Bucure\u0219ti. Exact la fel, \u00een anii 60-70 ai secolului trecut, unele ONG-uri promovau teoria \u201eomului sovietic\u201d prin capitalele occidentale\u201d. \u0218i a\u021bi conchis apodictic: \u201eFUMN a fost \u00een postura de \u00abidiot util\u00bb a imperialismului rusesc\u201d.<\/p>\n<p>\u00cen leg\u0103tur\u0103 cu aceste afirma\u021bii, m\u0103 v\u0103d nevoit, cu tot respectul pe care vi-l purt\u0103m, noi, cei de la FUMN, s\u0103 aduc urm\u0103toarele preciz\u0103ri:<\/p>\n<ol>\n<li>Nu este nici util nici adecvat ca un ambasador s\u0103 indice care sunt temele pe care o funda\u021bie academic\u0103, f\u0103r\u0103 nicio calitate oficial\u0103, este \u00een m\u0103sur\u0103 s\u0103 le aleag\u0103 \u0219i s\u0103 le dezbat\u0103 public. FUMN are dreptul s\u0103 \u00ee\u0219i aleag\u0103 singur\u0103 subiectele pe care le supune dezbaterii publice \u0219i nu \u00eentreab\u0103 pentru asta dec\u00e2t propriile foruri de conducere \u0219i coordonare.<\/li>\n<li>Trec peste afirma\u021bii tenden\u021bioase la adresa funda\u021biei noastre dup\u0103 care am fi devenit promotori ai intereselor sau teoriilor ruse\u0219ti. Activitatea FUMN este suficient de puternic\u0103 ca s\u0103 se poat\u0103 ap\u0103ra singur\u0103. Dar v\u0103 avertizez, domnule ambasador, cu toat\u0103 cordialitatea, c\u0103 a\u021bi deschis, prin interven\u021biile Domniei Voastre, o cutie a Pandorei pe care cu greu o va mai putea \u00eenchide cineva de aici \u00eenainte. Este vorba despre chestiunea identitar\u0103 pe rela\u021bia Bucure\u0219ti-Chi\u0219in\u0103u-Tiraspol.<\/li>\n<li>C\u00e2nd vorbi\u021bi despre falsa \u201eidentitate trasnistrean\u0103\u201d \u0219i teoria sovietic\u0103 a \u201epoporului transnistrean\u201d, ignora\u021bi nepermis \u0219i riscant faptul c\u0103 sunte\u021bi, totu\u0219i, ambasadorul unui stat al c\u0103rui pre\u0219edinte, el \u00eensu\u0219i, se bazeaz\u0103 pe \u0219i promoveaz\u0103 de la cel mai \u00eenalt nivel ideea sovietic\u0103 a unui \u201epopor moldovenesc\u201d. \u0218i nu numai el! Iar guvernul pe care \u00eel reprezenta\u021bi la Bucure\u0219ti, \u00een ciuda majorit\u0103\u021bii parlamentare pe care a avut-o, a refuzat, cu obstina\u021bie, s\u0103 voteze anul trecut \u2013 ca un \u201e<strong>privet<\/strong>\u201d de Centenar la adresa Rom\u00e2niei \u2013 introducerea \u00een Constitu\u021bia R. Moldova a sintagmei \u201elimb\u0103 rom\u00e2n\u0103\u201d, a\u0219a cum \u00eei cere Curtea Constitu\u021bional\u0103, \u0219i a men\u021binut faimosul Articol 13, de sorginte sovietic\u0103, care spune c\u0103 limba care se vorbe\u0219te \u00een st\u00e2nga Prutului este \u201elimba moldoveneasc\u0103 \u00een grafie latin\u0103\u201d. Prin asta, \u0219i nu doar prin asta, guvernul de la Chi\u0219in\u0103u s-a f\u0103cut complicele identitar cu pre\u0219edintele Igor Dodon, adeptul \u201eteoriei moldoveniste\u201d, de \u201esorginte sovietic\u0103\u201d, pe care o promoveaz\u0103 nestingherit prin filme, conferin\u021be publice, declara\u021bii, c\u0103r\u021bi.<\/li>\n<li>Evenimentul organizat de FUMN a ridicat, de fapt, o piatr\u0103 de pe un mu\u0219uroi identitar. A\u0219a se explic\u0103 \u0219i reac\u021biile st\u00e2rnite mai ales la Chi\u0219in\u0103u. C\u0103ci minciuna care a stat de at\u00e2tea ori la mas\u0103 cu oficialit\u0103\u021bile de la Chi\u0219in\u0103u, \u0219i \u2013 o \u0219ti\u021bi foarte bine \u2013 nu este vorba doar despre Vladimir Voronin sau emulul s\u0103u Igor Dodon \u2013 const\u0103 \u00een faptul c\u0103 \u201epoporul moldovenesc\u201d este un popor diferit de cel rom\u00e2n (teoria sovietic\u0103), bazat pe o etnie diferit\u0103 \u0219i care, chipurile, trebuie recunoscut\u0103 ca atare, mai ales c\u0103 \u0219i vorbe\u0219te o limb\u0103 diferit\u0103, respectiv \u201elimba moldoveneasc\u0103\u201d. Dac\u0103 lucrurile stau a\u0219a, adic\u0103 <em>moldovenii nu sunt rom\u00e2ni<\/em>, respectiv c\u0103 avem de-a face un \u201eethos\u201d regional (identitate regional\u0103) care se transform\u0103 \u00eentr-un \u201eetnos\u201d, adic\u0103 \u00eentr-o na\u021biune, nu mai exist\u0103 niciun impediment pentru ca \u201epoporul transnistrean s\u0103 existe \u0219i el! Este versiunea \u00een oglind\u0103 a \u201epoporului moldovenesc\u201d. C\u0103ci avem de-a face, prin compara\u021bie, tot un \u201eetos\u201d regional (o identitate regional\u0103 transnistrean\u0103) care revendic\u0103, precum R. Moldova \u00een rela\u021bie cu Rom\u00e2nia, o identitate na\u021bional\u0103 diferit\u0103. Faptul c\u0103 minciuna sovietic\u0103 a \u201epoporului moldovenesc\u201d a durat \u2013 \u0219i dureaz\u0103! \u2013 mai bine de 70 de ani, spre deosebire de minciuna \u201epoporului transnistrean\u201d care dureaz\u0103 doar de 27 de ani, nu o face pe prima mai adev\u0103rat\u0103 dec\u00e2t cealalt\u0103.<\/li>\n<li>\u0218i \u00eenc\u0103 ceva. A\u021bi \u00eenceput interven\u021bia dumneavoastr\u0103 din cadrul conferin\u021bei cu invocarea lui 27 martie 1918, a Unirii Basarabiei cu Rom\u00e2nia \u0219i a Centenarului abia \u00eencheiat. \u00cen numele acestui eveniment, chipurile, v-a\u021bi justificat \u0219i mai pregnant protestul pentru ac\u021biunea FUMN. Domnule ambasador, v\u0103 reamintesc, cu acela\u0219i respect, c\u0103 a\u021bi ridicat prin asta \u0219i mai sus piatra de pe mu\u0219uroi. Oficialit\u0103\u021bile statului pe care dumneavoastr\u0103 \u00eel reprezenta\u021bi la Bucure\u0219ti, nu au organizat NICIUN EVENIMENT pe teritoriul R. Moldova dedicat Centenarului Unirii Basarabiei cu Rom\u00e2nia, nu au men\u021bionat m\u0103car aceast\u0103 dat\u0103, prefer\u00e2nd s\u0103 men\u021bioneze doar la Bucure\u0219ti, pentru urechile \u2013 \u0219i buzunarele! \u2013 rom\u00e2nilor faptul c\u0103 actualul teritoriu controlat de autorit\u0103\u021bile de la Chi\u0219in\u0103u a fost parte a Rom\u00e2niei. \u0218i nu au f\u0103cut \u0219i nu fac asta autorit\u0103\u021bile de la Chi\u0219in\u0103u, tocmai pentru c\u0103 ele cred, promoveaz\u0103 \u0219i sus\u021bin, \u00een fapte, \u201eteoria sovietic\u0103 a moldovenismului \u0219i existen\u021ba unei \u201elimbi moldovene\u0219ti\u201d. Singura diferen\u021b\u0103 din punct de vedere identitar \u00eentre guvernarea de azi de la Chi\u0219in\u0103u \u0219i regimul Voronin este doar <em>dimensiunea ofensiv\u0103<\/em>. Aceasta a disp\u0103rut, a r\u0103mas <em>dimensiunea pasiv\u0103<\/em>, respectiv nimic nu se schimb\u0103 \u0219i totul r\u0103m\u00e2nea a\u0219a cum ne-au \u00eenv\u0103\u021bat \u201eteoriile sovietice\u201d despre identitate \u0219i limb\u0103, doar c\u0103 nu le mai invoc\u0103 guvernul, doar pre\u0219edintele Dodon, niciodat\u0103 sanc\u021bionat de executiv sau de majoritatea guvernamental\u0103 pentru a\u0219a ceva.<\/li>\n<li>Identit\u0103\u021bile \u00een aceast\u0103 regiune, domnule ambasador, nu sunt \u201ea la carte\u201d. Dac\u0103 vrem s\u0103 ne juc\u0103m de-a popoarele, va trebui s\u0103 admitem c\u0103 \u0219i al\u021bii \u2013 \u00een oglind\u0103, aproape \u2013 pot face la fel. La Chi\u0219in\u0103u se ignor\u0103 iresponsabil \u2013 sau nu se \u00een\u021belege \u2013 c\u0103 cei mai mari sus\u021bin\u0103tori ai separatismului transnistrean \u0219i al \u201eteoriei poporului transnistrean\u201d sunt tocmai moldoveni\u0219tii puri \u0219i duri, care sus\u021bin \u201eteoria sovietic\u0103\u201d a \u201epoporului moldovenesc\u201d diferit de cel rom\u00e2n. \u00cenainte de a acuza absolut gratuit o funda\u021bie de la Bucure\u0219ti, care func\u021bioneaz\u0103 sub egida Academiei Rom\u00e2ne, de promovarea a unor \u201eteorii sovietice\u201d, cred c\u0103 ar fi \u0219i mai corect \u0219i mai decent s\u0103 ne uit\u0103m \u00een ograda proprie. Creatorii \u201epoporului transnistrean\u201d se afl\u0103 la Chi\u0219in\u0103u! Nici FUMN, nici Bucure\u0219tiul nu au de g\u00e2nd s\u0103 \u00eenregistreze la Chi\u0219in\u0103u \u201eAsocia\u021bia transnistrenilor din R. Moldova\u201d, tocmai pentru a acredita ideea unei etnii \u201etransnistrene\u201d diferite de cea \u201emoldoveneasc\u0103\u201d, a\u0219a cum autorit\u0103\u021bile de la Chi\u0219in\u0103u au \u00eencercat s\u0103 fac\u0103 \u00een 2007, la Ia\u0219i, prin sprijinirea unei a\u0219a zise \u201eComunit\u0103\u021bi a moldovenilor din Rom\u00e2nia\u201d menite s\u0103 \u201elegifereze\u201d diferen\u021ba de etnia rom\u00e2n\u0103. A fost un gest al autorit\u0103\u021bilor de la Chi\u0219in\u0103u, \u00een vremurile \u00een care b\u0103t\u0103lia identitar\u0103 era, cum spuneam, ofensiv\u0103.<\/li>\n<li>Ne place sau nu, \u00een aceast\u0103 logic\u0103, a unui moldovenism de extrac\u021bie sovietic\u0103, pur \u0219i dur, <em>existen\u021ba \u201epoporului moldovenesc\u201d, diferit de cel rom\u00e2nesc \u0219i vorbitor de alt\u0103 limb\u0103, nu e cu nimic mai legitim\u0103 dec\u00e2t cel existen\u021ba \u201epoporului transnistrean\u201d diferit de cel \u201emoldovenesc\u201d.\u00a0 <\/em><strong>(&#8230;)<\/strong><\/li>\n<\/ol>\n<p>&nbsp;<\/p>\n<p>Textul complet:\u00a0<a href=\"http:\/\/fumn.eu\/scrisoare-deschisa-adresata-excelentie-sale-ambasadorul-r-moldova-la-bucuresti-mihai-gribincea\/\">http:\/\/fumn.eu\/<\/a><\/p>\n","protected":false},"excerpt":{"rendered":"<p>Dan Dungaciu | FUMN | 29.03.2019 &nbsp; Distinse Domnule Ambasador, V\u0103 scriu \u00een leg\u0103tur\u0103 cu interven\u021biile dumneavoastr\u0103 publice \u00een urma evenimentului \u201eTransnistria \u00eentre Moscova \u0219i Chi\u0219in\u0103u. Prima cercetare sociologic\u0103 dincolo de Nistru\u201d, organizat de Funda\u021bia Universitar\u0103 a M\u0103rii Negre \u201eMircea Mali\u021ba\u201d (fumn.eu), miercuri, 27 martie, ora 17.00. Evenimentul nostru a constat \u00een prezentarea public\u0103 a&#8230;<\/p>\n","protected":false},"author":2,"featured_media":0,"comment_status":"closed","ping_status":"open","sticky":false,"template":"","format":"standard","meta":[],"categories":[1],"tags":[],"_links":{"self":[{"href":"https:\/\/centers.ulbsibiu.ro\/ccsprise\/lact\/wp-json\/wp\/v2\/posts\/6132"}],"collection":[{"href":"https:\/\/centers.ulbsibiu.ro\/ccsprise\/lact\/wp-json\/wp\/v2\/posts"}],"about":[{"href":"https:\/\/centers.ulbsibiu.ro\/ccsprise\/lact\/wp-json\/wp\/v2\/types\/post"}],"author":[{"embeddable":true,"href":"https:\/\/centers.ulbsibiu.ro\/ccsprise\/lact\/wp-json\/wp\/v2\/users\/2"}],"replies":[{"embeddable":true,"href":"https:\/\/centers.ulbsibiu.ro\/ccsprise\/lact\/wp-json\/wp\/v2\/comments?post=6132"}],"version-history":[{"count":1,"href":"https:\/\/centers.ulbsibiu.ro\/ccsprise\/lact\/wp-json\/wp\/v2\/posts\/6132\/revisions"}],"predecessor-version":[{"id":6133,"href":"https:\/\/centers.ulbsibiu.ro\/ccsprise\/lact\/wp-json\/wp\/v2\/posts\/6132\/revisions\/6133"}],"wp:attachment":[{"href":"https:\/\/centers.ulbsibiu.ro\/ccsprise\/lact\/wp-json\/wp\/v2\/media?parent=6132"}],"wp:term":[{"taxonomy":"category","embeddable":true,"href":"https:\/\/centers.ulbsibiu.ro\/ccsprise\/lact\/wp-json\/wp\/v2\/categories?post=6132"},{"taxonomy":"post_tag","embeddable":true,"href":"https:\/\/centers.ulbsibiu.ro\/ccsprise\/lact\/wp-json\/wp\/v2\/tags?post=6132"}],"curies":[{"name":"wp","href":"https:\/\/api.w.org\/{rel}","templated":true}]}}