{"id":6126,"date":"2019-03-29T20:38:17","date_gmt":"2019-03-29T18:38:17","guid":{"rendered":"https:\/\/centers.ulbsibiu.ro\/ccsprise\/lact\/?p=6126"},"modified":"2019-03-29T20:38:17","modified_gmt":"2019-03-29T18:38:17","slug":"infotag-md-adjunctul-reprezentantului-permanent-al-slovaciei-la-osce-spera-ca-negocierile-privind-reglementarea-transnistreana-vor-fi-reluate","status":"publish","type":"post","link":"https:\/\/centers.ulbsibiu.ro\/ccsprise\/lact\/infotag-md-adjunctul-reprezentantului-permanent-al-slovaciei-la-osce-spera-ca-negocierile-privind-reglementarea-transnistreana-vor-fi-reluate\/","title":{"rendered":"Infotag.md &#8211; ADJUNCTUL REPREZENTANTULUI PERMANENT AL SLOVACIEI LA OSCE SPER\u0102 C\u0102 NEGOCIERILE PRIVIND REGLEMENTAREA TRANSNISTREAN\u0102 VOR FI RELUATE\u2026"},"content":{"rendered":"<p>Adjunctul Reprezentantului Permanent al Slovaciei la OSCE, Katarina Zakova, \u0219i-a exprimat speran\u021ba c\u0103 negocierile politice privind reglementarea transnistrean\u0103 vor fi reluate \u00een viitorul apropiat. Potrivit agen\u021biei INFOTAG, despre aceasta ea a declarat joi, la Viena, \u00een cadrul unei \u00eent\u00e2lniri cu participan\u021bii proiectului \u201eDialoguri transnistrene\u201d, implementat de Institutul pentru Ini\u021biative Strategice.<br \/>\n\u201ePre\u015fedin\u0163ia Slovaciei \u00een OSCE depune toate eforturile pentru a men\u021bine dialogul. Dialogul neformal continu\u0103 pe diferite platforme. Suntem \u00een contact permanent cu Misiunea OSCE \u00een Moldova, rezolv\u0103m \u0219i alte probleme &#8211; at\u00e2t din pachetul \u201e4+4\u201d, c\u00e2t \u0219i alte probleme. Sper\u0103m c\u0103 Guvernul Moldovei va fi format, deoarece, f\u0103r\u0103 un guvern, este dificil s\u0103 vorbim despre reluarea negocierilor active\u201d, a spus diplomatul slovac.<br \/>\nR\u0103spunz\u00e2nd la \u00eentreb\u0103rile jurnali\u0219tilor moldoveni, ea a men\u021bionat c\u0103 reprezentan\u0163a Slovaciei la OSCE a decis s\u0103-l men\u021bin\u0103 pe reprezentantul Italiei, Franco Frattini, \u00een calitate de reprezentant special al pre\u0219edintelui \u00een exerci\u021biu al OSCE \u00een acest an.<br \/>\n\u201eAm analizat situa\u021bia \u0219i am decis c\u0103 aceasta este o decizie corect\u0103. Anul trecut au fost atinse anumite succese \u00een rezolvarea conflictului. Este necesar ca tendin\u021ba pozitiv\u0103 s\u0103 se men\u021bin\u0103. La numirea unei noi persoane la \u00eenceputul fiec\u0103rui an, se pierde timp pre\u021bios. Este important s\u0103 men\u0163inem ritmul \u015fi s\u0103 ob\u021binem rezultate, aceasta este mai important dec\u00e2t apartenen\u0163a na\u021bional\u0103\u201d, a spus Zakova.<br \/>\nEa a subliniat c\u0103 Franco Frattini este \u015fi \u201eo figur\u0103 politic\u0103 important\u0103, care are o anumit\u0103 pondere pe arena interna\u021bional\u0103 \u0219i este capabil\u0103 s\u0103 contribuie la procesul de reglementare\u201d.<br \/>\n\u201e\u00cen ceea ce prive\u0219te Slovacia, cunoa\u015ftem bine situa\u021bia. Ministrul de Externe, Miroslav Lajcak este un mare prieten al Moldovei, reprezentantul Slovaciei, Peter Michalko, este \u0219eful Delega\u021biei UE la Chi\u0219in\u0103u, fostul ambasador \u00een Moldova, Robert Kirnag, conduce la MAE al Slovaciei un grup special pentru pre\u0219edin\u021bia \u021b\u0103rii noastre \u00een OSCE\u201d, a spus Zakova.<\/p>\n<p>\u2026\u015eI CONSIDER\u0102 C\u0102 PENTRU REGLEMENTAREA CONFLICTELOR SUNT NECESARE CONCESII RECIPROCE<\/p>\n<p>Adjunctul Reprezentantului Permanent al Slovaciei la OSCE, Katarina Zakova, consider\u0103 c\u0103 pentru reglementarea conflictelor sunt necesare concesii reciproce. Potrivit agen\u021biei INFOTAG, despre aceasta ea a declarat joi, la Viena, \u00een cadrul unei \u00eent\u00e2lniri cu participan\u021bii proiectului \u201eDialoguri transnistrene\u201d, implementat de Institutul pentru Ini\u021biative Strategice.<br \/>\n\u201eOSCE se ocup\u0103 de reglementarea tuturor conflictelor majore. Ele sunt diferite \u015fi cheile pentru solu\u021bionarea lor trebuie s\u0103 fie diferite. Este evident un lucru: conflictul nu poate fi rezolvat prin concesii ale unei p\u0103r\u0163i Reglementarea dup\u0103 principiul \u201eC\u00e2\u0219tig\u0103torul ia totul\u201d nu poate fi eficient \u0219i durabil. Acest lucru se refer\u0103 \u0219i la conflictul transnistrean, care este considerat a fi cel mai u\u0219or de rezolvat. Concesiile trebuie s\u0103 fie reciproce, de ambele p\u0103r\u021bi. \u0218i acest lucru a fost demonstrat de rezultatele ob\u021binute \u00een anul trecut \u00een diferite direc\u021bii\u201d, a spus Zakova.<br \/>\nEa a men\u021bionat priorit\u0103\u021bile Slovaciei \u00een cadrul pre\u015fedin\u0163iei OSCE \u00een 2019.<br \/>\n\u201eExist\u0103 trei priorit\u0103\u021bi majore. Prima: de a diminua efectele negative ale tuturor conflictelor existente asupra vie\u021bii oamenilor simpli. Oamenii trebuie s\u0103 sufere c\u00e2t mai pu\u0163in posibil de prezen\u021ba conflictelor. A doua prioritate este asigurarea unui viitor sigur, implicarea \u00een procesul de reglementare a tinerilor c\u0103rora le apar\u0163ine acest viitor sigur. \u0218i a treia prioritate este asigurarea unei cooper\u0103ri multilaterale eficiente \u00een procesul de solu\u021bionare a conflictelor, implic\u00e2nd alte organiza\u021bii interna\u021bionale \u0219i mecanisme multilaterale\u201d, a spus diplomatul.<br \/>\nKatarina Zakova a subliniat c\u0103 \u201ereprezentan\u021ba oficial\u0103 a Slovaciei \u00een cadrul OSCE depune toate eforturile pentru a men\u021bine dialogul privind reglementarea conflictelor din zona OSCE, inclusiv solu\u021bionarea problemei transnistrene\u201d.<\/p>\n<p>&nbsp;<\/p>\n<p>Sursa:\u00a0<a href=\"http:\/\/www.infotag.md\/rebelion-ro\/274272\/?fbclid=IwAR3MwrKR0PlMcT2LpZqhs1NA9alqlxi7fWZfrSE3y25ZXj1GZcw7BLJB2-4\">http:\/\/www.infotag.md\/<\/a><\/p>\n","protected":false},"excerpt":{"rendered":"<p>Adjunctul Reprezentantului Permanent al Slovaciei la OSCE, Katarina Zakova, \u0219i-a exprimat speran\u021ba c\u0103 negocierile politice privind reglementarea transnistrean\u0103 vor fi reluate \u00een viitorul apropiat. Potrivit agen\u021biei INFOTAG, despre aceasta ea a declarat joi, la Viena, \u00een cadrul unei \u00eent\u00e2lniri cu participan\u021bii proiectului \u201eDialoguri transnistrene\u201d, implementat de Institutul pentru Ini\u021biative Strategice. \u201ePre\u015fedin\u0163ia Slovaciei \u00een OSCE depune&#8230;<\/p>\n","protected":false},"author":2,"featured_media":0,"comment_status":"closed","ping_status":"open","sticky":false,"template":"","format":"standard","meta":[],"categories":[1],"tags":[],"_links":{"self":[{"href":"https:\/\/centers.ulbsibiu.ro\/ccsprise\/lact\/wp-json\/wp\/v2\/posts\/6126"}],"collection":[{"href":"https:\/\/centers.ulbsibiu.ro\/ccsprise\/lact\/wp-json\/wp\/v2\/posts"}],"about":[{"href":"https:\/\/centers.ulbsibiu.ro\/ccsprise\/lact\/wp-json\/wp\/v2\/types\/post"}],"author":[{"embeddable":true,"href":"https:\/\/centers.ulbsibiu.ro\/ccsprise\/lact\/wp-json\/wp\/v2\/users\/2"}],"replies":[{"embeddable":true,"href":"https:\/\/centers.ulbsibiu.ro\/ccsprise\/lact\/wp-json\/wp\/v2\/comments?post=6126"}],"version-history":[{"count":1,"href":"https:\/\/centers.ulbsibiu.ro\/ccsprise\/lact\/wp-json\/wp\/v2\/posts\/6126\/revisions"}],"predecessor-version":[{"id":6127,"href":"https:\/\/centers.ulbsibiu.ro\/ccsprise\/lact\/wp-json\/wp\/v2\/posts\/6126\/revisions\/6127"}],"wp:attachment":[{"href":"https:\/\/centers.ulbsibiu.ro\/ccsprise\/lact\/wp-json\/wp\/v2\/media?parent=6126"}],"wp:term":[{"taxonomy":"category","embeddable":true,"href":"https:\/\/centers.ulbsibiu.ro\/ccsprise\/lact\/wp-json\/wp\/v2\/categories?post=6126"},{"taxonomy":"post_tag","embeddable":true,"href":"https:\/\/centers.ulbsibiu.ro\/ccsprise\/lact\/wp-json\/wp\/v2\/tags?post=6126"}],"curies":[{"name":"wp","href":"https:\/\/api.w.org\/{rel}","templated":true}]}}