{"id":6124,"date":"2019-03-29T20:36:24","date_gmt":"2019-03-29T18:36:24","guid":{"rendered":"https:\/\/centers.ulbsibiu.ro\/ccsprise\/lact\/?p=6124"},"modified":"2019-03-29T20:36:24","modified_gmt":"2019-03-29T18:36:24","slug":"gov-md-subiectele-discutate-de-comisia-unificata-de-control-la-sedinta-din-28-martie","status":"publish","type":"post","link":"https:\/\/centers.ulbsibiu.ro\/ccsprise\/lact\/gov-md-subiectele-discutate-de-comisia-unificata-de-control-la-sedinta-din-28-martie\/","title":{"rendered":"Gov.md &#8211; Subiectele discutate de Comisia Unificat\u0103 de Control la \u0219edin\u021ba din 28 martie"},"content":{"rendered":"<p>Conduc\u0103torii delega\u021biilor au anun\u021bat despre consult\u0103rile, care au avut loc la 25 martie curent la sediul din Chi\u0219in\u0103u al Misiunii OSCE \u00een Moldova, la nivelul copre\u0219edin\u021bilor Comisiei din partea Republicii Moldova, Federa\u021biei Ruse, regiunii transnistrene, cu participarea reprezentan\u021bilor Misiunii OSCE. \u00a0\u00cen cadrul \u00eentrevederii, p\u0103r\u021bile \u0219i-au expus priorit\u0103\u021bile pentru perioada urm\u0103toare \u0219i solu\u021biile la problemele eviden\u021biate care ar permite deblocarea unor subiecte tergiversate.<\/p>\n<p>La fel, \u00een continuarea eforturilor delega\u021biei Republicii Moldova de a asigura respectarea prevederilor acordurilor de baz\u0103 \u0219i altor decizii pentru o mai bun\u0103 monitorizare a Zonei de Securitate, la \u0219edin\u021ba Comisiei din 28 martie delega\u021bia Republicii Moldova a propus elaborarea unor m\u0103suri de asigurare a transparen\u021bei la capitolul prezen\u021bei forma\u021biunilor militare ale p\u0103r\u021bilor.<\/p>\n<p>Demersul respectiv se \u00eentemeiaz\u0103 pe o decizie a copre\u0219edin\u021bilor Comisiei Unificate de Control din 13 iulie 1999 consemnat\u0103 \u00eentr-un document privind evaluarea implement\u0103rii Acordului asupra principiilor de reglementare pa\u0219nic\u0103 a conflictului din regiunea transnistrean\u0103 a Republicii Moldova din 21 iulie 1992. Obiectivul urm\u0103rit \u00eel constituie procesul de demilitarizare a regiunii, \u00een condi\u021biile \u00een care delega\u021bia noastr\u0103 a semnalat de multiple ori \u00eenc\u0103lcarea acordurilor \u00een vigoare prin prezen\u021ba entit\u0103\u021bilor militare transnistrene (unit\u0103\u021bi militare, comenduiri de gr\u0103niceri, centre militare de instruire etc.).<\/p>\n<p>Celelalte componente ale Comisiei au solicitat o am\u00e2nare \u00een scopul examin\u0103rii mai detaliate a propunerii.<\/p>\n<p>\u00cen alt\u0103 ordine de idei, delega\u021bia Republicii Moldova i-a cerut conduc\u0103torului delega\u021biei transnistrene s\u0103 evite declara\u021biile publice referitoare la unele evenimente ce se produc \u00een Zona de Securitate, \u00eenainte de abordarea acestora \u00een cadrul Comandamentului Militar \u00centrunit \u0219i luarea unor decizii de c\u0103tre Comisie. Preciz\u0103m c\u0103 la 11 martie curent, \u00een apropiere de Hidrocentrala Dub\u0103sari, un v\u00e2nt puternic a r\u0103sturnat vagoneta unui post de poli\u021bie. Dup\u0103 ce for\u021bele de ordine au \u00eenlocuit vagoneta deteriorat\u0103, conduc\u0103torul delega\u021biei Tiraspolului a lansat \u00een mass-media insinuarea precum c\u0103 ar fi avut loc instalarea unui post suplimentar (\u201eterminal\u201d) al poli\u021biei. De asemenea, nici afirma\u021biile sale pe durata \u0219edin\u021bei precum c\u0103 reprezentantul militar al Republicii Moldova ar fi blocat ie\u0219irile \u00een teren ale observatorilor militari la obiectul \u00een cauz\u0103 nu sunt veridice. \u00cen cadrul dezbaterilor acestuia i-au fost prezentate procesele-verbale care denot\u0103 contrariul. Declara\u021bia men\u021bionat\u0103 \u0219i \u00eencercarea exponen\u021bilor Tiraspolului de a distorsiona faptele nu face altceva dec\u00e2t s\u0103 scad\u0103 din \u00eencredere \u00een procesul de dialog al delega\u021biilor \u00een Comisia Unificat\u0103 de Control.<\/p>\n<p>La aceea\u0219i reuniune a Comisiei, Reprezentan\u021bii Misiunii OSCE au solicitat prezentarea \u00een scris a informa\u021biilor cu privire la modul \u00een care sunt utilizate echipamentele tehnice oferite de Misiune \u00een martie 2018 pentru buna func\u021bionare a Statului Major \u00centrunit al For\u021belor Mixte de Pacificare, \u00een contextul \u00een care unele din aceste echipamente nu au fost folosite nici o dat\u0103 potrivit destina\u021biei.<\/p>\n<p>De asemenea, a fost aprobat raportul Comandamentului Militar \u00centrunit pentru perioada 20 &#8211; 26 martie curent.<\/p>\n<p>Cu privire la situa\u021bia criminogen\u0103 \u00een ora\u0219ul Bender, riscurile \u0219i problemele identificate s-a decis invitarea pentru raport a conduc\u0103torilor poli\u021biei \u0219i mili\u021biei din localitate, precum \u0219i a comandantului militar al or. Bender \u2013 raion cu regim sporit de securitate.<\/p>\n<p>&nbsp;<\/p>\n<p><strong>Delega\u021bia Republicii Moldova\u00a0<\/strong><strong>\u00een Comisia Unificat\u0103 de Control<\/strong><\/p>\n<p>&nbsp;<\/p>\n<p>Sursa:\u00a0<a href=\"https:\/\/gov.md\/ro\/content\/subiectele-discutate-de-comisia-unificata-de-control-la-sedinta-din-28-martie\">https:\/\/gov.md\/<\/a><\/p>\n","protected":false},"excerpt":{"rendered":"<p>Conduc\u0103torii delega\u021biilor au anun\u021bat despre consult\u0103rile, care au avut loc la 25 martie curent la sediul din Chi\u0219in\u0103u al Misiunii OSCE \u00een Moldova, la nivelul copre\u0219edin\u021bilor Comisiei din partea Republicii Moldova, Federa\u021biei Ruse, regiunii transnistrene, cu participarea reprezentan\u021bilor Misiunii OSCE. \u00a0\u00cen cadrul \u00eentrevederii, p\u0103r\u021bile \u0219i-au expus priorit\u0103\u021bile pentru perioada urm\u0103toare \u0219i solu\u021biile la problemele eviden\u021biate&#8230;<\/p>\n","protected":false},"author":2,"featured_media":0,"comment_status":"closed","ping_status":"open","sticky":false,"template":"","format":"standard","meta":[],"categories":[1],"tags":[],"_links":{"self":[{"href":"https:\/\/centers.ulbsibiu.ro\/ccsprise\/lact\/wp-json\/wp\/v2\/posts\/6124"}],"collection":[{"href":"https:\/\/centers.ulbsibiu.ro\/ccsprise\/lact\/wp-json\/wp\/v2\/posts"}],"about":[{"href":"https:\/\/centers.ulbsibiu.ro\/ccsprise\/lact\/wp-json\/wp\/v2\/types\/post"}],"author":[{"embeddable":true,"href":"https:\/\/centers.ulbsibiu.ro\/ccsprise\/lact\/wp-json\/wp\/v2\/users\/2"}],"replies":[{"embeddable":true,"href":"https:\/\/centers.ulbsibiu.ro\/ccsprise\/lact\/wp-json\/wp\/v2\/comments?post=6124"}],"version-history":[{"count":1,"href":"https:\/\/centers.ulbsibiu.ro\/ccsprise\/lact\/wp-json\/wp\/v2\/posts\/6124\/revisions"}],"predecessor-version":[{"id":6125,"href":"https:\/\/centers.ulbsibiu.ro\/ccsprise\/lact\/wp-json\/wp\/v2\/posts\/6124\/revisions\/6125"}],"wp:attachment":[{"href":"https:\/\/centers.ulbsibiu.ro\/ccsprise\/lact\/wp-json\/wp\/v2\/media?parent=6124"}],"wp:term":[{"taxonomy":"category","embeddable":true,"href":"https:\/\/centers.ulbsibiu.ro\/ccsprise\/lact\/wp-json\/wp\/v2\/categories?post=6124"},{"taxonomy":"post_tag","embeddable":true,"href":"https:\/\/centers.ulbsibiu.ro\/ccsprise\/lact\/wp-json\/wp\/v2\/tags?post=6124"}],"curies":[{"name":"wp","href":"https:\/\/api.w.org\/{rel}","templated":true}]}}