{"id":6122,"date":"2019-03-29T20:34:30","date_gmt":"2019-03-29T18:34:30","guid":{"rendered":"https:\/\/centers.ulbsibiu.ro\/ccsprise\/lact\/?p=6122"},"modified":"2019-03-29T20:34:30","modified_gmt":"2019-03-29T18:34:30","slug":"deschide-md-nora-lui-smirnov-primul-lider-separatist-de-la-tiraspol-se-plimba-prin-ue-cu-pasaport-romanesc","status":"publish","type":"post","link":"https:\/\/centers.ulbsibiu.ro\/ccsprise\/lact\/deschide-md-nora-lui-smirnov-primul-lider-separatist-de-la-tiraspol-se-plimba-prin-ue-cu-pasaport-romanesc\/","title":{"rendered":"Deschide.md &#8211; Nora lui Smirnov, primul lider separatist de la Tiraspol, se plimb\u0103 prin UE cu pa\u0219aport rom\u00e2nesc?"},"content":{"rendered":"<p>Nora fostului lider al regiunii separatiste transnistrene, Igor Smirnov, ar fi c\u0103l\u0103torit prin lume, folosind pa\u0219aportul Rom\u00e2niei. Mai mult ca at\u00e2t, folosindu-se de averea dob\u00e2ndit\u0103 de clanul Smirnov, Tatiana Ghein \u00ee\u0219i organizeaz\u0103 c\u0103l\u0103torii de lux la Paris, Dubai, New-York, Berlin.<\/p>\n<p>Bloggerul Artur Velehov a publicat pe canalul s\u0103u de Telegram mai multe detalii care confirm\u0103 faptul c\u0103 Tatiana Ghein este so\u021bia lui Vladimir Smirnov, fostul \u0219ef al a\u0219a zisului Comitet vamal de stat al RMN \u00een perioada c\u00e2nd tat\u0103l s\u0103u, Igor Smirnov, a condus regiunea separatist\u0103.<\/p>\n<p>\u00cens\u0103\u0219i Tatiana Ghein a de\u021binut o perioad\u0103 func\u021bia de \u0219ef al a\u0219a zisului Aparat al directorului Comitetului vamal, adic\u0103 era subalterna so\u021bului.<\/p>\n<p>\u00cen anul 2012, c\u00e2nd clanul Smirnov a fost \u00eenl\u0103turat de la putere \u00een regiunea transnistrean\u0103, Tatiana Ghein depune documentele \u00een vederea ob\u021binerii cet\u0103\u021beniei rom\u00e2ne. \u00cen anul 2014 acest lucru \u00eei reu\u0219e\u0219te, Ghein devenind cet\u0103\u021bean cu acte \u00een regul\u0103 al Rom\u00e2niei.<\/p>\n<p>De precizat c\u0103 conflictul transnistrean a izbucnit din cauz\u0103 c\u0103 Igor Smirnov, \u0219eful administra\u021biei de la Tiraspol din acea perioad\u0103, a fost contra ideii care se lansase, acea de Unire a Republicii Moldova cu Rom\u00e2nia, dar \u0219i contra declar\u0103rii limbii rom\u00e2ne ca limba oficial\u0103 \u00een stat.<\/p>\n<p>Sursa:\u00a0<a href=\"https:\/\/deschide.md\/ro\/stiri\/social\/46473\/Nora-lui-Smirnov-primul-lider-separatist-de-la-Tiraspol-se-plimb\u0103-prin-UE-cu-pa\u0219aport-rom\u00e2nesc.htm\">https:\/\/deschide.md\/<\/a><\/p>\n","protected":false},"excerpt":{"rendered":"<p>Nora fostului lider al regiunii separatiste transnistrene, Igor Smirnov, ar fi c\u0103l\u0103torit prin lume, folosind pa\u0219aportul Rom\u00e2niei. Mai mult ca at\u00e2t, folosindu-se de averea dob\u00e2ndit\u0103 de clanul Smirnov, Tatiana Ghein \u00ee\u0219i organizeaz\u0103 c\u0103l\u0103torii de lux la Paris, Dubai, New-York, Berlin. Bloggerul Artur Velehov a publicat pe canalul s\u0103u de Telegram mai multe detalii care confirm\u0103&#8230;<\/p>\n","protected":false},"author":2,"featured_media":0,"comment_status":"closed","ping_status":"open","sticky":false,"template":"","format":"standard","meta":[],"categories":[1],"tags":[],"_links":{"self":[{"href":"https:\/\/centers.ulbsibiu.ro\/ccsprise\/lact\/wp-json\/wp\/v2\/posts\/6122"}],"collection":[{"href":"https:\/\/centers.ulbsibiu.ro\/ccsprise\/lact\/wp-json\/wp\/v2\/posts"}],"about":[{"href":"https:\/\/centers.ulbsibiu.ro\/ccsprise\/lact\/wp-json\/wp\/v2\/types\/post"}],"author":[{"embeddable":true,"href":"https:\/\/centers.ulbsibiu.ro\/ccsprise\/lact\/wp-json\/wp\/v2\/users\/2"}],"replies":[{"embeddable":true,"href":"https:\/\/centers.ulbsibiu.ro\/ccsprise\/lact\/wp-json\/wp\/v2\/comments?post=6122"}],"version-history":[{"count":1,"href":"https:\/\/centers.ulbsibiu.ro\/ccsprise\/lact\/wp-json\/wp\/v2\/posts\/6122\/revisions"}],"predecessor-version":[{"id":6123,"href":"https:\/\/centers.ulbsibiu.ro\/ccsprise\/lact\/wp-json\/wp\/v2\/posts\/6122\/revisions\/6123"}],"wp:attachment":[{"href":"https:\/\/centers.ulbsibiu.ro\/ccsprise\/lact\/wp-json\/wp\/v2\/media?parent=6122"}],"wp:term":[{"taxonomy":"category","embeddable":true,"href":"https:\/\/centers.ulbsibiu.ro\/ccsprise\/lact\/wp-json\/wp\/v2\/categories?post=6122"},{"taxonomy":"post_tag","embeddable":true,"href":"https:\/\/centers.ulbsibiu.ro\/ccsprise\/lact\/wp-json\/wp\/v2\/tags?post=6122"}],"curies":[{"name":"wp","href":"https:\/\/api.w.org\/{rel}","templated":true}]}}