{"id":6120,"date":"2019-03-26T17:29:37","date_gmt":"2019-03-26T15:29:37","guid":{"rendered":"https:\/\/centers.ulbsibiu.ro\/ccsprise\/lact\/?p=6120"},"modified":"2019-03-26T17:29:37","modified_gmt":"2019-03-26T15:29:37","slug":"infotag-md-fortele-parlamentare-din-moldova-vor-trebui-sa-faca-o-coalitie-liderul-de-la-tiraspol","status":"publish","type":"post","link":"https:\/\/centers.ulbsibiu.ro\/ccsprise\/lact\/infotag-md-fortele-parlamentare-din-moldova-vor-trebui-sa-faca-o-coalitie-liderul-de-la-tiraspol\/","title":{"rendered":"Infotag.md &#8211; FOR\u0162ELE PARLAMENTARE DIN MOLDOVA VOR TREBUI S\u0102 FAC\u0102 O COALI\u0162IE \u2013 LIDERUL DE LA TIRASPOL"},"content":{"rendered":"<p>Cele trei for\u021be politice mari care au intrat \u00een Parlamentul Moldovei sunt nevoite s\u0103 formeze coali\u021bie pentru a constitui Guvernul \u0219i pentru a evita noi alegeri. Aceast\u0103 opinie a fost exprimat\u0103 de pre\u0219edintele autoproclamatei RMN, Vadim Krasnoselski, pentru presa local\u0103.<\/p>\n<p>Potrivit agen\u0163iei INFOTAG, el consider\u0103 c\u0103 partidele care au intrat \u00een Parlament au comis anterior \u201eo mare gre\u0219eal\u0103 prin distrugerea podurilor \u00eenainte de alegeri\u201d.<br \/>\n\u201eEi au trecut la persoan\u0103 \u0219i acum le va fi foarte dificil s\u0103 g\u0103seasc\u0103 compromisuri unii cu al\u0163ii. Trebuie s\u0103 treac\u0103 peste sine, s\u0103 \u00eencalce acorduri, promisiunile f\u0103cute cuiva \u0219i undeva. Iar alegerile noi nu sunt o op\u021biune. S\u0103 zicem c\u0103 acestea vor avea loc \u00een septembrie \u015fi vor avea acela\u0219i rezultat, apoi iar\u0103\u015fi \u015fi iar\u0103\u015fi&#8230; Iar aceasta este o povar\u0103 financiar\u0103 asupra bugetului. Oamenii obosesc de alegeri \u0219i, \u00een cele din urm\u0103, pur \u015fi simplu nu vor mai merge la aceste alegeri. Prin urmare, partidele trebuie s\u0103 dea dovad\u0103 de voin\u021b\u0103, de patriotism, s\u0103-\u015fi respecte Patria \u0219i s\u0103 fac\u0103 o alegere. Care anume? Aceasta este deja treaba vecinilor. Noi vom accepta orice alegere, \u00eens\u0103, \u00een opinia mea, pentru a nu dezbina oamenii \u015fi pentru a nu agrava criza politic\u0103, partidele trebuie s\u0103 g\u0103seasc\u0103 o \u00een\u021belegere reciproc\u0103\u201d, a spus liderul de la Tiraspol.<br \/>\nReferindu-se la cei doi deputa\u021bi ale\u0219i care vor reprezenta Transnistria \u00een Parlamentul moldovean, Krasnoselski s-a indignat: \u201ece fel de reprezentan\u021bi ai Transnistriei sunt ei?\u201d.<br \/>\n\u201eProstii. Ei nu sunt cet\u0103\u021beni ai Transnistriei, nu au avut \u0219i nu vor avea nimic de-a face cu noi. Ei vor reprezenta fie partidul ale c\u0103rui interese le ap\u0103r\u0103, fie pe ei \u00een\u015fi\u015fi. Acestea sunt problemele lor. Noi nu vedem niciun fel de contacte \u015fi nicio interac\u021biune cu ei, deoarece aceasta este contraproductiv. Despre ce s\u0103 vorbim? Oamenii nu \u0219tiu nimic. Formal, ei sunt ale\u015fi, dar \u00een realitate, to\u0163i \u00een\u021beleg c\u0103 acest lucru este ridicol. Las\u0103 s\u0103 lucreze, nu avem \u00eentreb\u0103ri fa\u0163\u0103 de ei. S\u0103 ia decizii \u00een favoarea statului lor \u2013 Republica Moldova, iar Transnistria pentru ei este departe\u201d, a spus Krasnoselski.<\/p>\n<p>Sursa:\u00a0<a href=\"http:\/\/www.infotag.md\/rebelion-ro\/274101\/\">http:\/\/www.infotag.md\/<\/a><\/p>\n","protected":false},"excerpt":{"rendered":"<p>Cele trei for\u021be politice mari care au intrat \u00een Parlamentul Moldovei sunt nevoite s\u0103 formeze coali\u021bie pentru a constitui Guvernul \u0219i pentru a evita noi alegeri. Aceast\u0103 opinie a fost exprimat\u0103 de pre\u0219edintele autoproclamatei RMN, Vadim Krasnoselski, pentru presa local\u0103. Potrivit agen\u0163iei INFOTAG, el consider\u0103 c\u0103 partidele care au intrat \u00een Parlament au comis anterior&#8230;<\/p>\n","protected":false},"author":2,"featured_media":0,"comment_status":"closed","ping_status":"open","sticky":false,"template":"","format":"standard","meta":[],"categories":[1],"tags":[],"_links":{"self":[{"href":"https:\/\/centers.ulbsibiu.ro\/ccsprise\/lact\/wp-json\/wp\/v2\/posts\/6120"}],"collection":[{"href":"https:\/\/centers.ulbsibiu.ro\/ccsprise\/lact\/wp-json\/wp\/v2\/posts"}],"about":[{"href":"https:\/\/centers.ulbsibiu.ro\/ccsprise\/lact\/wp-json\/wp\/v2\/types\/post"}],"author":[{"embeddable":true,"href":"https:\/\/centers.ulbsibiu.ro\/ccsprise\/lact\/wp-json\/wp\/v2\/users\/2"}],"replies":[{"embeddable":true,"href":"https:\/\/centers.ulbsibiu.ro\/ccsprise\/lact\/wp-json\/wp\/v2\/comments?post=6120"}],"version-history":[{"count":1,"href":"https:\/\/centers.ulbsibiu.ro\/ccsprise\/lact\/wp-json\/wp\/v2\/posts\/6120\/revisions"}],"predecessor-version":[{"id":6121,"href":"https:\/\/centers.ulbsibiu.ro\/ccsprise\/lact\/wp-json\/wp\/v2\/posts\/6120\/revisions\/6121"}],"wp:attachment":[{"href":"https:\/\/centers.ulbsibiu.ro\/ccsprise\/lact\/wp-json\/wp\/v2\/media?parent=6120"}],"wp:term":[{"taxonomy":"category","embeddable":true,"href":"https:\/\/centers.ulbsibiu.ro\/ccsprise\/lact\/wp-json\/wp\/v2\/categories?post=6120"},{"taxonomy":"post_tag","embeddable":true,"href":"https:\/\/centers.ulbsibiu.ro\/ccsprise\/lact\/wp-json\/wp\/v2\/tags?post=6120"}],"curies":[{"name":"wp","href":"https:\/\/api.w.org\/{rel}","templated":true}]}}