{"id":6118,"date":"2019-03-26T17:28:29","date_gmt":"2019-03-26T15:28:29","guid":{"rendered":"https:\/\/centers.ulbsibiu.ro\/ccsprise\/lact\/?p=6118"},"modified":"2019-03-26T17:28:29","modified_gmt":"2019-03-26T15:28:29","slug":"adevarul-ro-krasnoselskii-are-cinci-intrebari-catre-dodon-raspunsul-carora-ar-urma-sa-arate-cat-de-pregatita-este-moldova-sa-integreze-transnistria","status":"publish","type":"post","link":"https:\/\/centers.ulbsibiu.ro\/ccsprise\/lact\/adevarul-ro-krasnoselskii-are-cinci-intrebari-catre-dodon-raspunsul-carora-ar-urma-sa-arate-cat-de-pregatita-este-moldova-sa-integreze-transnistria\/","title":{"rendered":"Adevarul.ro &#8211; Krasnoselskii are cinci \u00eentreb\u0103ri c\u0103tre Dodon, r\u0103spunsul c\u0103rora ar urma s\u0103 arate c\u00e2t de preg\u0103tit\u0103 este Moldova s\u0103 integreze Transnistria"},"content":{"rendered":"<p>Pre\u015fedintele nerecunoscut de la Tiraspol, Vadim Krasnoselskii, a declarat c\u0103 Igor Dodon se ocup\u0103 de \u201elozinci politice\u201d \u00een spa\u0163iul public, atunci c\u00e2nd vorbe\u015fte despre un plan de solu\u0163ionare al problemei transnistrene, care ar fi foarte aproape de realizare.<\/p>\n<p>Vadim Krasnoselskii consider\u0103 c\u0103 Transnistria nu va fi parte a Moldovei, pentru c\u0103 ar fi un proces prea dificil. \u00cen acest context, pentru a demonstra imposibilitatea solu\u0163ion\u0103rii problemei transnistrene, liderul de la Tiraspol l-a \u00eendemnat public pe pre\u015fedintele moldovean, \u00eentr-o emisiune la o televiziune local\u0103, s\u0103 r\u0103spund\u0103 mai \u00eent\u00e2i de toate la cinci \u00eentreb\u0103ri, despre care spune c\u0103 este imposibil s\u0103 existe un r\u0103spuns la Chi\u015fin\u0103u. Vadim Krasnoselskii spune c\u0103 mai \u00eent\u00e2i Moldova trebuie s\u0103 dea o apreciere juridic\u0103 la cele \u00eent\u00e2mplate pe 23 iunie 1990, c\u00e2nd Parlamentul a votat Declara\u0163ia de suveranitate a \u0163\u0103rii. \u00cen opinia sa, acel eveniment a recunoscut de jure independen\u0163a Transnistriei. Krasnosleskii l-a \u00eentrebat pe Dodon dac\u0103 este gata s\u0103 dea o apreciere politic\u0103 \u015fi juridic\u0103 evenimentelor din 1992, \u015fi \u201es\u0103-i pedepseasc\u0103 pe cei care au ucis locuitorii nevinova\u0163i ai Transnistriei\u201d. \u201eA treia \u00eentrebare. Igor Dodon \u015fi al\u0163i politicieni vorbesc despre alegerea liber\u0103 a poporului. Ei respect\u0103 alegerea liber\u0103 a poporului care a fost f\u0103cut\u0103 la referendumul din 2006, c\u00e2nd poporul s-a exprimat pentru independen\u0163a Transnistriei\u201d, a \u00eentrebat Krasnoselskii. \u201eA patra \u00eentrebare. \u00cen\u0163elege Igor Dodon realitatea existent\u0103? C\u0103 \u00een 30 de ani multe s-au \u00eent\u00e2mplat. S-a creat un stat independent, cu institu\u0163ii de stat independente, sistem bancar propriu \u015fi economie independent\u0103. Noi suntem independen\u0163i. Noi am construit un stat \u00een care tr\u0103ie\u015fte poporul multina\u0163ional al Transnistriei\u201d. \u201eA cincea \u00eentrebare. Care este pozi\u0163ia lui Igor Dodon fa\u0163\u0103 de dreptul poporului la autodeterminare, acel drept de care s-a folosit Moldova c\u00e2nd \u015fi-a proclamat independen\u0163a. Poporul Transnistriei a folosit anume acest principiu &#8211; dreptul poporului la autodeterminare\u201d. Krasnoselskii a declarat c\u0103 pe l\u00e2ng\u0103 cele cinci \u00eentreb\u0103ri, mai sunt c\u00e2teva \u00eentreb\u0103ri, precum ar fi: \u201eCum vede\u0163i p\u0103strarea limbii moldovene\u015fti \u00een grafie chirilic\u0103, care va fi statutul limbii ucrainene \u015fi ruse \u00een Moldova\u201d. Liderul de la Tiraspol a subliniat c\u0103 \u00een condi\u0163iile actuale este imposibil de r\u0103spuns la aceste \u00eentreb\u0103ri, la fel cum este imposibil de discutat despre statutul politic al Transnistriei.<\/p>\n<p>Citeste mai mult: <a title=\"Krasnoselskii are cinci \u00eentreb\u0103ri c\u0103tre Dodon, r\u0103spunsul c\u0103rora ar urma s\u0103 arate c\u00e2t de preg\u0103tit\u0103 este Moldova s\u0103 integreze Transnistria | adevarul.ro\u015eedin\u0163a CSAT. Ce au aprobat membrii Consiliului: obiectivele Rom\u00e2niei pentru Summitul NATO de la Bruxelles \u015fi for\u0163ele armate pentru misiuni \u00een str\u0103in\u0103tate | adevarul.ro\u015eedin\u0163a CSAT. Ce au aprobat membrii Consiliului: obiectivele Rom\u00e2niei pentru Summitul NATO de la Bruxelles \u015fi for\u0163ele armate pentru misiuni \u00een str\u0103in\u0103tate | adevarul.ro\" href=\"http:\/\/adev.ro\/poywii\" target=\"_blank\" rel=\"noopener\">adev.ro\/poywii<\/a><\/p>\n","protected":false},"excerpt":{"rendered":"<p>Pre\u015fedintele nerecunoscut de la Tiraspol, Vadim Krasnoselskii, a declarat c\u0103 Igor Dodon se ocup\u0103 de \u201elozinci politice\u201d \u00een spa\u0163iul public, atunci c\u00e2nd vorbe\u015fte despre un plan de solu\u0163ionare al problemei transnistrene, care ar fi foarte aproape de realizare. Vadim Krasnoselskii consider\u0103 c\u0103 Transnistria nu va fi parte a Moldovei, pentru c\u0103 ar fi un proces&#8230;<\/p>\n","protected":false},"author":2,"featured_media":0,"comment_status":"closed","ping_status":"open","sticky":false,"template":"","format":"standard","meta":[],"categories":[1],"tags":[],"_links":{"self":[{"href":"https:\/\/centers.ulbsibiu.ro\/ccsprise\/lact\/wp-json\/wp\/v2\/posts\/6118"}],"collection":[{"href":"https:\/\/centers.ulbsibiu.ro\/ccsprise\/lact\/wp-json\/wp\/v2\/posts"}],"about":[{"href":"https:\/\/centers.ulbsibiu.ro\/ccsprise\/lact\/wp-json\/wp\/v2\/types\/post"}],"author":[{"embeddable":true,"href":"https:\/\/centers.ulbsibiu.ro\/ccsprise\/lact\/wp-json\/wp\/v2\/users\/2"}],"replies":[{"embeddable":true,"href":"https:\/\/centers.ulbsibiu.ro\/ccsprise\/lact\/wp-json\/wp\/v2\/comments?post=6118"}],"version-history":[{"count":1,"href":"https:\/\/centers.ulbsibiu.ro\/ccsprise\/lact\/wp-json\/wp\/v2\/posts\/6118\/revisions"}],"predecessor-version":[{"id":6119,"href":"https:\/\/centers.ulbsibiu.ro\/ccsprise\/lact\/wp-json\/wp\/v2\/posts\/6118\/revisions\/6119"}],"wp:attachment":[{"href":"https:\/\/centers.ulbsibiu.ro\/ccsprise\/lact\/wp-json\/wp\/v2\/media?parent=6118"}],"wp:term":[{"taxonomy":"category","embeddable":true,"href":"https:\/\/centers.ulbsibiu.ro\/ccsprise\/lact\/wp-json\/wp\/v2\/categories?post=6118"},{"taxonomy":"post_tag","embeddable":true,"href":"https:\/\/centers.ulbsibiu.ro\/ccsprise\/lact\/wp-json\/wp\/v2\/tags?post=6118"}],"curies":[{"name":"wp","href":"https:\/\/api.w.org\/{rel}","templated":true}]}}