{"id":6116,"date":"2019-03-26T17:27:01","date_gmt":"2019-03-26T15:27:01","guid":{"rendered":"https:\/\/centers.ulbsibiu.ro\/ccsprise\/lact\/?p=6116"},"modified":"2019-03-26T17:27:01","modified_gmt":"2019-03-26T15:27:01","slug":"gov-md-intrevederea-bilaterala-a-vicepremierului-cristina-lesnic-cu-ambasadorul-statelor-unite-ale-americii-in-republica-moldova-dereck-j-hogan","status":"publish","type":"post","link":"https:\/\/centers.ulbsibiu.ro\/ccsprise\/lact\/gov-md-intrevederea-bilaterala-a-vicepremierului-cristina-lesnic-cu-ambasadorul-statelor-unite-ale-americii-in-republica-moldova-dereck-j-hogan\/","title":{"rendered":"Gov.md &#8211; \u00centrevederea bilateral\u0103 a Vicepremierului Cristina Lesnic cu Ambasadorul Statelor Unite ale Americii \u00een Republica Moldova, Dereck J. Hogan"},"content":{"rendered":"<p>\u00cent\u00e2lnirea de ast\u0103zi se \u00eenscrie \u00een cadrul unui dialog intens de sprijin pentru solu\u021bionarea diferendului transnistrean \u0219i actualiz\u0103rii situa\u021biei pentru perioada 2019.<\/p>\n<p>Dup\u0103 evolu\u021biile dinamice din anul 2018, ast\u0103zi, ambii oficiali au discutat mai multe subiecte sensibile care aduc atingeri Chi\u0219in\u0103ului, iar \u00een mod particular impactul asupra localit\u0103\u021bii Varni\u021ba dup\u0103 a\u0219a numitele decrete emise de liderul de la Tiraspol, ultimul din luna ianuarie curent, care tensioneaz\u0103 procesul de negocieri \u0219i deranjeaz\u0103 localnicii din sat.<\/p>\n<p>O reac\u021bie similar\u0103 a fost expus\u0103 de c\u0103tre delega\u021bia Republicii Moldova \u00een cadrul Comisiei Unificate de Control din 21 martie curent, solicit\u00e2nd ab\u021binerea de la ac\u021biuni unilaterale \u0219i respectarea angajamentelor asumate.<\/p>\n<p>Unul dintre aspecte discutate vizeaz\u0103 \u0219i dinamica pentru 6 luni de implementare a mecanismului pentru mijloacele de transport \u00eenregistrate \u00een punctele de \u00eenmatriculare a mijloacelor de transport (punctele din Tiraspol \u0219i R\u00e2bni\u021ba), dar \u0219i efectele pozitive manifestate prin num\u0103rul mai mare a permiselor de conducere transnistrene preschimbate \u00een cele ale Republicii Moldova raportat la num\u0103rul total de mijloace de transport \u00eenregistrate \u00een aceste puncte, cu aducerea \u00een c\u00e2mpul legal al posesorilor de autovehicule, dar \u0219i descre\u0219terea \u00een ultima perioad\u0103 a incidentelor ce vizeaz\u0103 participarea la trafic a mijloacelor de transport \u00een baza pl\u0103cu\u021belor de model neutru.<\/p>\n<p>\u00cempreun\u0103 cu Excelen\u021ba Sa, Dereck J. Hogan, oficialii au f\u0103cut un schimb de opinii cu privire la apostilarea actelor de studii pentru SUA, domeniul telecomunica\u021biilor, liberii circula\u021biei, declara\u021biile impertinente \u0219i intolerante ale unor str\u0103ini pe arena interna\u021bional\u0103, ce fac s\u0103 discrediteze eforturile \u00een promovarea temelor importante, orientate c\u0103tre cet\u0103\u021benii at\u00e2t de pe malul drept c\u00e2t \u0219i de pe malul st\u00e2ng al Nistrului.<\/p>\n<p>Vicepremierul i-a vorbit Ambasadorului SUA despre modul \u00een care Chi\u0219in\u0103ul contribuie la solu\u021bionarea problemelor cet\u0103\u021benilor de pe ambele maluri ale Nistrului \u0219i inten\u021bia de a aborda \u0219i subiectele ce \u021bin de securitate \u0219i ordine public\u0103.<\/p>\n<p>Doamna Lesnic a reiterat inten\u021biile Biroului politici de reintegrare s\u0103 ajute oamenii ce necesit\u0103 asisten\u021b\u0103, dar \u0219i de adaptare continu\u0103 pentru a face fa\u021b\u0103 tuturor nevoilor de securitate \u0219i ap\u0103rare \u00een particular \u00een Zona de Securitate, subliniind importan\u021ba poten\u021bialului de a aduce \u00een c\u00e2mpul legal celelalte procese.<\/p>\n<p>Sursa:\u00a0<a href=\"https:\/\/gov.md\/ro\/content\/intrevederea-bilaterala-vicepremierului-cristina-lesnic-cu-ambasadorul-statelor-unite-ale\">https:\/\/gov.md\/<\/a><\/p>\n","protected":false},"excerpt":{"rendered":"<p>\u00cent\u00e2lnirea de ast\u0103zi se \u00eenscrie \u00een cadrul unui dialog intens de sprijin pentru solu\u021bionarea diferendului transnistrean \u0219i actualiz\u0103rii situa\u021biei pentru perioada 2019. Dup\u0103 evolu\u021biile dinamice din anul 2018, ast\u0103zi, ambii oficiali au discutat mai multe subiecte sensibile care aduc atingeri Chi\u0219in\u0103ului, iar \u00een mod particular impactul asupra localit\u0103\u021bii Varni\u021ba dup\u0103 a\u0219a numitele decrete emise de&#8230;<\/p>\n","protected":false},"author":2,"featured_media":0,"comment_status":"closed","ping_status":"open","sticky":false,"template":"","format":"standard","meta":[],"categories":[1],"tags":[],"_links":{"self":[{"href":"https:\/\/centers.ulbsibiu.ro\/ccsprise\/lact\/wp-json\/wp\/v2\/posts\/6116"}],"collection":[{"href":"https:\/\/centers.ulbsibiu.ro\/ccsprise\/lact\/wp-json\/wp\/v2\/posts"}],"about":[{"href":"https:\/\/centers.ulbsibiu.ro\/ccsprise\/lact\/wp-json\/wp\/v2\/types\/post"}],"author":[{"embeddable":true,"href":"https:\/\/centers.ulbsibiu.ro\/ccsprise\/lact\/wp-json\/wp\/v2\/users\/2"}],"replies":[{"embeddable":true,"href":"https:\/\/centers.ulbsibiu.ro\/ccsprise\/lact\/wp-json\/wp\/v2\/comments?post=6116"}],"version-history":[{"count":1,"href":"https:\/\/centers.ulbsibiu.ro\/ccsprise\/lact\/wp-json\/wp\/v2\/posts\/6116\/revisions"}],"predecessor-version":[{"id":6117,"href":"https:\/\/centers.ulbsibiu.ro\/ccsprise\/lact\/wp-json\/wp\/v2\/posts\/6116\/revisions\/6117"}],"wp:attachment":[{"href":"https:\/\/centers.ulbsibiu.ro\/ccsprise\/lact\/wp-json\/wp\/v2\/media?parent=6116"}],"wp:term":[{"taxonomy":"category","embeddable":true,"href":"https:\/\/centers.ulbsibiu.ro\/ccsprise\/lact\/wp-json\/wp\/v2\/categories?post=6116"},{"taxonomy":"post_tag","embeddable":true,"href":"https:\/\/centers.ulbsibiu.ro\/ccsprise\/lact\/wp-json\/wp\/v2\/tags?post=6116"}],"curies":[{"name":"wp","href":"https:\/\/api.w.org\/{rel}","templated":true}]}}