{"id":6111,"date":"2019-03-24T08:28:13","date_gmt":"2019-03-24T06:28:13","guid":{"rendered":"https:\/\/centers.ulbsibiu.ro\/ccsprise\/lact\/?p=6111"},"modified":"2019-03-24T08:28:13","modified_gmt":"2019-03-24T06:28:13","slug":"europalibera-org-evgheni-dunaev-moldova-mi-se-pare-ca-o-duce-foarte-bine-fara-transnistria","status":"publish","type":"post","link":"https:\/\/centers.ulbsibiu.ro\/ccsprise\/lact\/europalibera-org-evgheni-dunaev-moldova-mi-se-pare-ca-o-duce-foarte-bine-fara-transnistria\/","title":{"rendered":"Europalibera.org &#8211; Evgheni Dunaev: \u201eMoldova mi se pare c\u0103 o duce foarte bine f\u0103r\u0103 Transnistria\u201d"},"content":{"rendered":"<ul class=\"links__list links__list--column\">\n<li class=\"links__item\"><a class=\"links__item-link\" title=\"Lina Gr\u00e2u\" href=\"https:\/\/moldova.europalibera.org\/author\/22344.html\">Lina Gr\u00e2u<\/a><\/li>\n<\/ul>\n<div class=\"intro intro--bold\">\n<p>Directorul Centrului Apriori de la Tiraspol, despre felul \u00een care se raporteaz\u0103 la Rusia, UE, Rom\u00e2nia, Republica Moldova \u0219i Transnistria.<\/p>\n<\/div>\n<div id=\"article-content\" class=\"content-floated-wrap fb-quotable\">\n<div class=\"wsw\">\n<p><em>Evgheni Dunaev este directorul Centrului Apriori de la Tiraspol, creator al cunoscutului Club 19 \u2013 un club cu filiale \u00een mai multe ora\u0219e din regiunea transnistrean\u0103 care este un centru cultural unde au loc dezbateri, lec\u021bii publice, expozi\u021bii, concerte sau chiar festivaluri de filme. Apriori este prima organiza\u021bia neguvernamental\u0103 care este persecutat\u0103 de procuratura din st\u00e2nga Nistrului, \u00een baza unei legi adoptate pe model rusesc care interzice ONG-urilor s\u0103 primeasc\u0103 finan\u021bare din str\u0103in\u0103tate.<\/em><\/p>\n<p><em>\u00centr-un interviu cu Europa Liber\u0103, Evgheni Dunaev poveste\u0219te despre felul \u00een care se raporteaz\u0103 la Rusia, UE, Rom\u00e2nia, Republica Moldova \u0219i Transnistria, de ce termenii de \u201efascist\u201d \u0219i \u201epatriot\u201d au ajuns s\u0103 fie ironizate de tineri \u0219i de ce nu ar vrea s\u0103 tr\u0103iasc\u0103 \u00een Rusia lui Putin. El spune, printre altele, c\u0103 dac\u0103 reglementarea transnistrean\u0103 se va mai \u00eentinde pentru al\u021bi 20 de ani, \u00een regiune nu vor mai r\u0103m\u00e2ne oameni care s\u0103 fac\u0103 aceast\u0103 reglementare \u2013 at\u00e2t de mare este exodul tinerilor.<\/em><\/p>\n<p><em>Interviul face parte dintr-o serie de 10 interviuri-portrete realizate \u00een cadrul proiectul \u201eO genera\u021bie \u2013 dou\u0103 maluri. Genera\u021bia Reintegr\u0103rii\u201d. Proiectul este sus\u021binut financiar de PNUD Moldova.<\/em><\/p>\n<p><strong>Europa Liber\u0103: Din punct de vedere informa\u021bional, cum v\u0103 informa\u021bi, din ce surse? La ce spa\u021biu informa\u021bional v\u0103 considera\u021bi conectat mai mult? <\/strong><\/p>\n<p><strong>Evgheni Dunaev:<\/strong> \u201eEu urm\u0103resc ce se \u00eent\u00e2mpl\u0103 \u00een Rusia, inevitabil. Mama mea locuie\u0219te \u00een Rusia, fratele meu locuie\u0219te \u00een Rusia, eu \u00eensumi sunt cet\u0103\u021bean al Federa\u0163iei Ruse \u0219i al Transnistriei \u2013 nu mai am alte cet\u0103\u021benii. Nu am multe patrii \u2013 patria este una. \u00cen plus, vorbesc rusa \u0219i nu vorbesc <em>moldoveneasca<\/em>.<\/p>\n<p>Textul complet:\u00a0<a href=\"https:\/\/moldova.europalibera.org\/a\/evgheni-dunaev-moldova-mi-se-pare-c\u0103-o-duce-foarte-bine-f\u0103r\u0103-transnistria-\/29837748.html?fbclid=IwAR0XN6nnIEbBVLRML9IFANgZVR4zBa-QQ6D7jGWscs7eSla-X0s6_ESJYlk\">https:\/\/moldova.europalibera.org\/<\/a><\/p>\n<\/div>\n<\/div>\n","protected":false},"excerpt":{"rendered":"<p>Lina Gr\u00e2u Directorul Centrului Apriori de la Tiraspol, despre felul \u00een care se raporteaz\u0103 la Rusia, UE, Rom\u00e2nia, Republica Moldova \u0219i Transnistria. Evgheni Dunaev este directorul Centrului Apriori de la Tiraspol, creator al cunoscutului Club 19 \u2013 un club cu filiale \u00een mai multe ora\u0219e din regiunea transnistrean\u0103 care este un centru cultural unde au&#8230;<\/p>\n","protected":false},"author":2,"featured_media":0,"comment_status":"closed","ping_status":"open","sticky":false,"template":"","format":"standard","meta":[],"categories":[1],"tags":[],"_links":{"self":[{"href":"https:\/\/centers.ulbsibiu.ro\/ccsprise\/lact\/wp-json\/wp\/v2\/posts\/6111"}],"collection":[{"href":"https:\/\/centers.ulbsibiu.ro\/ccsprise\/lact\/wp-json\/wp\/v2\/posts"}],"about":[{"href":"https:\/\/centers.ulbsibiu.ro\/ccsprise\/lact\/wp-json\/wp\/v2\/types\/post"}],"author":[{"embeddable":true,"href":"https:\/\/centers.ulbsibiu.ro\/ccsprise\/lact\/wp-json\/wp\/v2\/users\/2"}],"replies":[{"embeddable":true,"href":"https:\/\/centers.ulbsibiu.ro\/ccsprise\/lact\/wp-json\/wp\/v2\/comments?post=6111"}],"version-history":[{"count":1,"href":"https:\/\/centers.ulbsibiu.ro\/ccsprise\/lact\/wp-json\/wp\/v2\/posts\/6111\/revisions"}],"predecessor-version":[{"id":6112,"href":"https:\/\/centers.ulbsibiu.ro\/ccsprise\/lact\/wp-json\/wp\/v2\/posts\/6111\/revisions\/6112"}],"wp:attachment":[{"href":"https:\/\/centers.ulbsibiu.ro\/ccsprise\/lact\/wp-json\/wp\/v2\/media?parent=6111"}],"wp:term":[{"taxonomy":"category","embeddable":true,"href":"https:\/\/centers.ulbsibiu.ro\/ccsprise\/lact\/wp-json\/wp\/v2\/categories?post=6111"},{"taxonomy":"post_tag","embeddable":true,"href":"https:\/\/centers.ulbsibiu.ro\/ccsprise\/lact\/wp-json\/wp\/v2\/tags?post=6111"}],"curies":[{"name":"wp","href":"https:\/\/api.w.org\/{rel}","templated":true}]}}