{"id":6109,"date":"2019-03-24T08:25:41","date_gmt":"2019-03-24T06:25:41","guid":{"rendered":"https:\/\/centers.ulbsibiu.ro\/ccsprise\/lact\/?p=6109"},"modified":"2019-03-24T08:25:41","modified_gmt":"2019-03-24T06:25:41","slug":"deschide-md-rusia-le-a-asigurat-separatistilor-transnistreni-platforma-pentru-a-vorbi-la-onu","status":"publish","type":"post","link":"https:\/\/centers.ulbsibiu.ro\/ccsprise\/lact\/deschide-md-rusia-le-a-asigurat-separatistilor-transnistreni-platforma-pentru-a-vorbi-la-onu\/","title":{"rendered":"Deschide.md &#8211; Rusia le-a asigurat separati\u0219tilor transnistreni platform\u0103 pentru a vorbi la ONU"},"content":{"rendered":"<p>Author: Vadim Vasiliu<\/p>\n<p>\u0218eful \u201ereprezentan\u021bei oficiale\u201d a Transnistriei la Moscova, Leonid Manakov, a \u021binut un discurs \u00een cadrul sesiunii a 40-a a Consiliului pentru Drepturile Omului a Organiza\u021biei Na\u021biunilor Unite cu tema statalitatea Transnistriei &#8211; garant al respect\u0103rii drepturilor \u0219i libert\u0103\u021bilor omului. Reprezentantul Tiraspolului a spus c\u0103 Transnistria \u0219i-a asumat unilateral obliga\u021biunea de a respecta mai multe acorduri interna\u021bionale \u00een domeniul drepturilor omului, inclusiv Declara\u021bia pentru Drepturile Omului, pacte interna\u021bionale privind drepturile cet\u0103\u021bene\u0219ti \u0219i politice, economice, sociale \u0219i culturale \u0219i chiar Conven\u021bia European\u0103 pentru Drepturile Omului.<\/p>\n<p>Manakov participat la sesiunii din partea delega\u021biei oficiale a Federa\u021biei Ruse.<\/p>\n<p>Manakov a mai spus c\u0103 regiunea transnistrean\u0103 este deschis\u0103 spre colaborare cu organiza\u021bii interna\u021bionale la capitolul drepturile omului. Acesta a mai amintit despre vizita \u00een regiune a expertului pentru drepturile omului din cadrul ONU, Thomas Hammerberg, iar recomand\u0103rile acestuia ar sta la baza sferei drepturilor omului din Transnistria.<\/p>\n<p>Manakov a mai amintit despre faptul c\u0103 Transnistria a cunoscut anumite succese \u00een domeniul s\u0103n\u0103t\u0103\u021bii datorit\u0103 conlucr\u0103rii cu organiza\u021biile interna\u021bionale. El a mai vorbit despre succese la capitolul drepturile copiilor \u0219i a persoanelor cu dizabilit\u0103\u021bi.<\/p>\n<p>Men\u021bion\u0103m c\u0103 programele privind prevenirea \u0219i tratarea HIV\/SIDA \u0219i a tuberculozei \u00een regiunea transnistrean\u0103 se realizeaz\u0103 prin intermediul Chi\u0219in\u0103ului.<\/p>\n<p>Transnistria \u0219i-a manifestat anterior dorin\u021ba de a dob\u00e2ndi statut de observator al Organiza\u0163iei Na\u0163iunilor Unite, invoc\u00e2nd exemplul Palestinei, care are acest statut de\u015fi nu este membru al ONU.<\/p>\n<p>Pretinsul Parlamenta al regiunii separatiste a votat \u00een anul 2017, \u00een unanimitate transmiterea cererii de a primi statutul de observator c\u0103tre Antonio Guterres, secretarul general al ONU, \u015fi c\u0103tre Miroslav Lajcak, pre\u015fedintele Adun\u0103rii Generale. Cererea nu a fost satisf\u0103cut\u0103.<\/p>\n<p>Sursa:\u00a0<a href=\"https:\/\/deschide.md\/ro\/stiri\/23\/46175\/Rusia-le-a-asigurat-separati\u0219tilor-transnistreni-platform\u0103-pentru-a-vorbi-la-ONU.htm?fbclid=IwAR3G2bnC2xDXCqm9dIs1Uq0q8dBDJnQ71c0WNdGjdNaQPPFsWBKMjvJ5g6s\">https:\/\/deschide.md\/<\/a><\/p>\n<p>&nbsp;<\/p>\n","protected":false},"excerpt":{"rendered":"<p>Author: Vadim Vasiliu \u0218eful \u201ereprezentan\u021bei oficiale\u201d a Transnistriei la Moscova, Leonid Manakov, a \u021binut un discurs \u00een cadrul sesiunii a 40-a a Consiliului pentru Drepturile Omului a Organiza\u021biei Na\u021biunilor Unite cu tema statalitatea Transnistriei &#8211; garant al respect\u0103rii drepturilor \u0219i libert\u0103\u021bilor omului. Reprezentantul Tiraspolului a spus c\u0103 Transnistria \u0219i-a asumat unilateral obliga\u021biunea de a respecta&#8230;<\/p>\n","protected":false},"author":2,"featured_media":0,"comment_status":"closed","ping_status":"open","sticky":false,"template":"","format":"standard","meta":[],"categories":[1],"tags":[],"_links":{"self":[{"href":"https:\/\/centers.ulbsibiu.ro\/ccsprise\/lact\/wp-json\/wp\/v2\/posts\/6109"}],"collection":[{"href":"https:\/\/centers.ulbsibiu.ro\/ccsprise\/lact\/wp-json\/wp\/v2\/posts"}],"about":[{"href":"https:\/\/centers.ulbsibiu.ro\/ccsprise\/lact\/wp-json\/wp\/v2\/types\/post"}],"author":[{"embeddable":true,"href":"https:\/\/centers.ulbsibiu.ro\/ccsprise\/lact\/wp-json\/wp\/v2\/users\/2"}],"replies":[{"embeddable":true,"href":"https:\/\/centers.ulbsibiu.ro\/ccsprise\/lact\/wp-json\/wp\/v2\/comments?post=6109"}],"version-history":[{"count":1,"href":"https:\/\/centers.ulbsibiu.ro\/ccsprise\/lact\/wp-json\/wp\/v2\/posts\/6109\/revisions"}],"predecessor-version":[{"id":6110,"href":"https:\/\/centers.ulbsibiu.ro\/ccsprise\/lact\/wp-json\/wp\/v2\/posts\/6109\/revisions\/6110"}],"wp:attachment":[{"href":"https:\/\/centers.ulbsibiu.ro\/ccsprise\/lact\/wp-json\/wp\/v2\/media?parent=6109"}],"wp:term":[{"taxonomy":"category","embeddable":true,"href":"https:\/\/centers.ulbsibiu.ro\/ccsprise\/lact\/wp-json\/wp\/v2\/categories?post=6109"},{"taxonomy":"post_tag","embeddable":true,"href":"https:\/\/centers.ulbsibiu.ro\/ccsprise\/lact\/wp-json\/wp\/v2\/tags?post=6109"}],"curies":[{"name":"wp","href":"https:\/\/api.w.org\/{rel}","templated":true}]}}