{"id":6107,"date":"2019-03-22T19:17:32","date_gmt":"2019-03-22T17:17:32","guid":{"rendered":"https:\/\/centers.ulbsibiu.ro\/ccsprise\/lact\/?p=6107"},"modified":"2019-03-22T19:17:32","modified_gmt":"2019-03-22T17:17:32","slug":"noi-md-posta-transnistriei-acuza-moldova-de-pierderi-de-milioane","status":"publish","type":"post","link":"https:\/\/centers.ulbsibiu.ro\/ccsprise\/lact\/noi-md-posta-transnistriei-acuza-moldova-de-pierderi-de-milioane\/","title":{"rendered":"Noi.md &#8211; \u201dPo\u0219ta Transnistriei&#8221; acuz\u0103 Moldova de pierderi de milioane"},"content":{"rendered":"<p>\u201ePo\u015fta Transnistriei\u201d sufer\u0103 anual pierderi de milioane din cauza c\u0103 Moldova nu dore\u015fte s\u0103 compenseze cheltuielile pentru prelucrarea, transportarea \u015fi livrarea coletelor po\u015ftale ce vin \u00een regiune, sus\u0163ine \u015feful interimar al serviciului de comunica\u0163ii al autoproclamatei RMN, Vladimir Beleaev.<\/p>\n<p>Potrivit agen\u0163iei INFOTAG, el a declarat pentru presa transnistrean\u0103 c\u0103 \u00een rela\u0163iile dintre operatorii po\u0219tali este general acceptat un anumit sistem de decont\u0103ri reciproce. Partea care transmite celeilalte mai multe trimiteri po\u015ftale dec\u00eet prime\u015fte, trebuie s\u0103 compenseze cheltuielile celui de-al doilea operator ce \u0163in de procesarea acestor trimiteri po\u015ftale, deoarece acest operator este nevoit s\u0103 cheltuiasc\u0103 mijloacele proprii pentru ca scrisorile \u015fi coletele s\u0103 ajung\u0103 la destinatarul final. \u201eFiecare operator creeaz\u0103 o anumit\u0103 sarcin\u0103 pentru cel\u0103lalt. Dac\u0103 expediem \u00een Moldova \u0219i \u00een str\u0103in\u0103tate o anumit\u0103 cantitate de trimiteri po\u0219tale, noi trebuie s\u0103 compens\u0103m cheltuielile operatorului din Moldova pe care le suport\u0103 pentru procesarea acestei coresponden\u021be scrise. \u0218i invers. C\u00eend Moldova ne trimite coresponden\u021ba po\u0219tal\u0103 pentru distribuire, este obligat\u0103 s\u0103 ne ramburseze cheltuielile legate de distribuirea acesteia. Acest lucru este stabilit \u00een actele Uniunii Po\u0219tale Universale\u201d, a spus Beleaev. Potrivit lui, \u00een rela\u021bia dintre \u201ePo\u015fta Transnistriei\u201d \u0219i \u201ePo\u015fta Moldovei\u201d, situa\u021bia este de a\u0219a natur\u0103 \u00eenc\u00eet \u201etraficul de trimiteri po\u0219tale c\u0103tre RMN din Moldova \u0219i alte \u021b\u0103ri este de zeci de ori mai mare dec\u00eet num\u0103rul trimiterilor po\u015ftale din Transnistria \u00een Moldova \u0219i \u00een alte \u021b\u0103ri\u201d.<\/p>\n<p>\u201eAstfel, \u201ePo\u0219ta Transnistriei\u201d este nevoit\u0103 s\u0103 livreze coresponden\u021ba po\u0219tal\u0103 primit\u0103 locuitorilor republicii pe cheltuiala proprie, deoarece p\u00een\u0103 acum nu a fost \u00eencheiat niciun acord cu privire la compensarea cheltuielilor reciproce \u00eentre operatori\u201d, a spus \u0219eful serviciului, men\u021bion\u00eend c\u0103, dac\u0103 situa\u0163ia se va schimba, atunci se va putea vorbi despre o stare mai stabil\u0103 a \u201ePo\u015ftei Transnistriei\u201d.<\/p>\n<p>Cite\u0219te mai mult: <a href=\"https:\/\/noi.md\/md\/transnistria\/posta-transnistriei-acuza-moldova-de-pierderi-de-milioane\">https:\/\/noi.md\/md\/transnistria\/posta-transnistriei-acuza-moldova-de-pierderi-de-milioane<\/a><br \/>\nFacebook: <a href=\"https:\/\/www.facebook.com\/NOI.md\/\">NOI.md<\/a> | Odnoklassniki: <a href=\"https:\/\/www.ok.ru\/noi.moldova\">Noi.Moldova<\/a><\/p>\n","protected":false},"excerpt":{"rendered":"<p>\u201ePo\u015fta Transnistriei\u201d sufer\u0103 anual pierderi de milioane din cauza c\u0103 Moldova nu dore\u015fte s\u0103 compenseze cheltuielile pentru prelucrarea, transportarea \u015fi livrarea coletelor po\u015ftale ce vin \u00een regiune, sus\u0163ine \u015feful interimar al serviciului de comunica\u0163ii al autoproclamatei RMN, Vladimir Beleaev. Potrivit agen\u0163iei INFOTAG, el a declarat pentru presa transnistrean\u0103 c\u0103 \u00een rela\u0163iile dintre operatorii po\u0219tali este&#8230;<\/p>\n","protected":false},"author":2,"featured_media":0,"comment_status":"closed","ping_status":"open","sticky":false,"template":"","format":"standard","meta":[],"categories":[1],"tags":[],"_links":{"self":[{"href":"https:\/\/centers.ulbsibiu.ro\/ccsprise\/lact\/wp-json\/wp\/v2\/posts\/6107"}],"collection":[{"href":"https:\/\/centers.ulbsibiu.ro\/ccsprise\/lact\/wp-json\/wp\/v2\/posts"}],"about":[{"href":"https:\/\/centers.ulbsibiu.ro\/ccsprise\/lact\/wp-json\/wp\/v2\/types\/post"}],"author":[{"embeddable":true,"href":"https:\/\/centers.ulbsibiu.ro\/ccsprise\/lact\/wp-json\/wp\/v2\/users\/2"}],"replies":[{"embeddable":true,"href":"https:\/\/centers.ulbsibiu.ro\/ccsprise\/lact\/wp-json\/wp\/v2\/comments?post=6107"}],"version-history":[{"count":1,"href":"https:\/\/centers.ulbsibiu.ro\/ccsprise\/lact\/wp-json\/wp\/v2\/posts\/6107\/revisions"}],"predecessor-version":[{"id":6108,"href":"https:\/\/centers.ulbsibiu.ro\/ccsprise\/lact\/wp-json\/wp\/v2\/posts\/6107\/revisions\/6108"}],"wp:attachment":[{"href":"https:\/\/centers.ulbsibiu.ro\/ccsprise\/lact\/wp-json\/wp\/v2\/media?parent=6107"}],"wp:term":[{"taxonomy":"category","embeddable":true,"href":"https:\/\/centers.ulbsibiu.ro\/ccsprise\/lact\/wp-json\/wp\/v2\/categories?post=6107"},{"taxonomy":"post_tag","embeddable":true,"href":"https:\/\/centers.ulbsibiu.ro\/ccsprise\/lact\/wp-json\/wp\/v2\/tags?post=6107"}],"curies":[{"name":"wp","href":"https:\/\/api.w.org\/{rel}","templated":true}]}}