{"id":6103,"date":"2019-03-22T19:07:43","date_gmt":"2019-03-22T17:07:43","guid":{"rendered":"https:\/\/centers.ulbsibiu.ro\/ccsprise\/lact\/?p=6103"},"modified":"2019-03-22T19:07:43","modified_gmt":"2019-03-22T17:07:43","slug":"gov-md-ilia-uvarov-a-anuntat-convocarea-intrevederii-copresedintilor-comisiei-unificate-de-control","status":"publish","type":"post","link":"https:\/\/centers.ulbsibiu.ro\/ccsprise\/lact\/gov-md-ilia-uvarov-a-anuntat-convocarea-intrevederii-copresedintilor-comisiei-unificate-de-control\/","title":{"rendered":"Gov.md &#8211; Ilia Uvarov a anun\u021bat convocarea \u00eentrevederii copre\u0219edin\u021bilor Comisiei Unificate de Control"},"content":{"rendered":"<p>Conduc\u0103torul delega\u021biei Republicii Moldova, care a condus \u0219edin\u021ba Comisiei Unificate de Control din 21 martie curent, a readus \u00een aten\u021bie subiectul elabor\u0103rii unui regulament al Comandamentului Militar \u00centrunit. Ini\u021biativa deriv\u0103 din constat\u0103rile f\u0103cute pe parcursul anului curent, care indic\u0103 o cre\u0219tere a ac\u021biunilor destabilizatoare ale a\u0219a-numitor structuri militare \u201egr\u0103nicere\u0219ti\u201d transnistrene \u00een Zona de Securitate. O asemenea reglementare ar permite reac\u021bionarea prompt\u0103 la incidentele \u00een Zona de Securitate \u0219i documentarea corespunz\u0103toare a \u00eenc\u0103lc\u0103rilor.<\/p>\n<p>Propunerea respectiv\u0103 nu a fost sus\u021binut\u0103 \u00een cadrul \u0219edin\u021bei, dar s-a convenit c\u0103 va fi discutat\u0103 la \u00eentrevederea copre\u0219edin\u021bilor Comisiei Unificate de Control, cu participarea reprezentan\u021bilor OSCE \u0219i ai Ucrainei. Conduc\u0103torul delega\u021biei Federa\u021biei Ruse, Ilia Uvarov, a anun\u021bat c\u0103 reuniunea copre\u0219edin\u021bilor va fi organizat\u0103 \u00een s\u0103pt\u0103m\u00e2na ce urmeaz\u0103.<\/p>\n<p>De asemenea, delega\u021bia Republicii Moldova a f\u0103cut un apel c\u0103tre toate p\u0103r\u021bile implicate \u00een procesul de reglementare cu privire la abuzurile admise de reprezentan\u021bii Tiraspolului, ca urmare a pretinselor \u201edecrete\u201d ce vizeaz\u0103 localit\u0103\u021bile aflate sub controlul constitu\u021bional. \u00cen <a href=\"https:\/\/gov.md\/sites\/default\/files\/adresare_din_20.03.pdf\" target=\"_blank\" rel=\"noopener\">adresare<\/a> se face referire la ac\u021biunile abuzive ale administra\u021biei or. Bender fa\u021b\u0103 de locuitorii satului Varni\u021ba, prin pretinderea unor pl\u0103\u021bi ilegale \u00een favoarea structurilor din regiune.<\/p>\n<p>\u00cen cadrul \u0219edin\u021bei, \u00een rezultatul unor dezbateri \u00eendelungate care au durat aproximativ zece ani la nivelul \u0219efilor militari superiori, a fost adoptat\u0103 decizia cu privire la suplimentarea atribu\u021biilor comandan\u021bilor militari \u00een Zona de Securitate. Astfel, ace\u0219tia vor putea s\u0103 intervin\u0103 \u0219i s\u0103 desf\u0103\u0219oare cercet\u0103ri de serviciu \u00een comun cu organele de drept \u00een cazul apari\u021biei incidentelor \u00eentre reprezentan\u021bii poli\u021biei, \u201emili\u021biei\u201d, organelor vamale \u0219i militarii for\u021belor de pacificare.<\/p>\n<p>&nbsp;<\/p>\n<p><strong>Delega\u021bia Republicii Moldova\u00a0<\/strong><strong>\u00een Comisia Unificat\u0103 de Control<\/strong><\/p>\n<p>&nbsp;<\/p>\n<p>Sursa:\u00a0<a href=\"https:\/\/gov.md\/ro\/content\/ilia-uvarov-anuntat-convocarea-intrevederii-copresedintilor-comisiei-unificate-de-control\">https:\/\/gov.md\/<\/a><\/p>\n","protected":false},"excerpt":{"rendered":"<p>Conduc\u0103torul delega\u021biei Republicii Moldova, care a condus \u0219edin\u021ba Comisiei Unificate de Control din 21 martie curent, a readus \u00een aten\u021bie subiectul elabor\u0103rii unui regulament al Comandamentului Militar \u00centrunit. Ini\u021biativa deriv\u0103 din constat\u0103rile f\u0103cute pe parcursul anului curent, care indic\u0103 o cre\u0219tere a ac\u021biunilor destabilizatoare ale a\u0219a-numitor structuri militare \u201egr\u0103nicere\u0219ti\u201d transnistrene \u00een Zona de Securitate. O&#8230;<\/p>\n","protected":false},"author":2,"featured_media":0,"comment_status":"closed","ping_status":"open","sticky":false,"template":"","format":"standard","meta":[],"categories":[1],"tags":[],"_links":{"self":[{"href":"https:\/\/centers.ulbsibiu.ro\/ccsprise\/lact\/wp-json\/wp\/v2\/posts\/6103"}],"collection":[{"href":"https:\/\/centers.ulbsibiu.ro\/ccsprise\/lact\/wp-json\/wp\/v2\/posts"}],"about":[{"href":"https:\/\/centers.ulbsibiu.ro\/ccsprise\/lact\/wp-json\/wp\/v2\/types\/post"}],"author":[{"embeddable":true,"href":"https:\/\/centers.ulbsibiu.ro\/ccsprise\/lact\/wp-json\/wp\/v2\/users\/2"}],"replies":[{"embeddable":true,"href":"https:\/\/centers.ulbsibiu.ro\/ccsprise\/lact\/wp-json\/wp\/v2\/comments?post=6103"}],"version-history":[{"count":1,"href":"https:\/\/centers.ulbsibiu.ro\/ccsprise\/lact\/wp-json\/wp\/v2\/posts\/6103\/revisions"}],"predecessor-version":[{"id":6104,"href":"https:\/\/centers.ulbsibiu.ro\/ccsprise\/lact\/wp-json\/wp\/v2\/posts\/6103\/revisions\/6104"}],"wp:attachment":[{"href":"https:\/\/centers.ulbsibiu.ro\/ccsprise\/lact\/wp-json\/wp\/v2\/media?parent=6103"}],"wp:term":[{"taxonomy":"category","embeddable":true,"href":"https:\/\/centers.ulbsibiu.ro\/ccsprise\/lact\/wp-json\/wp\/v2\/categories?post=6103"},{"taxonomy":"post_tag","embeddable":true,"href":"https:\/\/centers.ulbsibiu.ro\/ccsprise\/lact\/wp-json\/wp\/v2\/tags?post=6103"}],"curies":[{"name":"wp","href":"https:\/\/api.w.org\/{rel}","templated":true}]}}