{"id":6101,"date":"2019-03-21T20:14:01","date_gmt":"2019-03-21T18:14:01","guid":{"rendered":"https:\/\/centers.ulbsibiu.ro\/ccsprise\/lact\/?p=6101"},"modified":"2019-03-21T20:14:01","modified_gmt":"2019-03-21T18:14:01","slug":"deschide-md-separatistii-nu-trec-prin-aeroportul-chisinau-ministrul-de-interne-al-osetiei-de-sud-intors-acasa","status":"publish","type":"post","link":"https:\/\/centers.ulbsibiu.ro\/ccsprise\/lact\/deschide-md-separatistii-nu-trec-prin-aeroportul-chisinau-ministrul-de-interne-al-osetiei-de-sud-intors-acasa\/","title":{"rendered":"Deschide.md &#8211; Separati\u0219tii nu trec prin Aeroportul Chi\u0219in\u0103u.\u201eMinistrul de Interne\u201d al Osetiei de Sud, \u00eentors acas\u0103"},"content":{"rendered":"<p>A\u0219a-numitul ministru de Interne al autoproclamatei Republici Osetia de Sud, Igor Naniev, a f\u0103cut cale \u00eentoars\u0103 de pe Aeroportul Interna\u021bional Chi\u0219in\u0103u. Acesta \u00eencerca s\u0103 ajung\u0103 \u00een regiunea transnistrean\u0103, dar a fost re\u021binut zilele trecute de ofi\u021berii Poli\u021biei de Frontier\u0103, care i-au cerut s\u0103 p\u0103r\u0103seasc\u0103 teritoriul Republicii Moldova.<\/p>\n<p>Potrivit surselor Deschide.MD, Igor Naniev a declarat c\u0103 a venit \u201ela odihn\u0103\u201d. Totu\u0219i, acesta inten\u021biona s\u0103 ajung\u0103 la Tiraspol.<\/p>\n<p>De precizat c\u0103 potrivit presei din regiune, Naniev, fiind reprezentant al Osetiei de Sud, a anun\u021bat despre colaborarea cu un alt regim separatist, \u0219i anume cu \u201eRepublica Popular\u0103 Done\u021bk\u201d.<\/p>\n<p>\u00cen decembrie 2017, Igor Naniev \u0219i colegul s\u0103u, a\u0219a-zisul viceministru de Interne din RPD, Igor Melnikov, au ajuns la o \u00een\u021belegere cu privire la schimbul de informa\u021bii. Naniev l-a \u0219i decorat pe Melnikov cu medalia \u201e\u0417\u0430 \u0431\u043e\u0435\u0432\u043e\u0435 \u0441\u043e\u0434\u0440\u0443\u0436\u0435\u0441\u0442\u0432\u043e\u201d (Pentru fr\u0103\u021bia de arme \u2013 nota red.).<\/p>\n<p>Igor Naniev este implicat \u0219i \u00eentr-o serie de scandaluri din regiune care se refer\u0103 la activitatea mili\u021biei din Osetia de Sud.<\/p>\n<p>Unul dintre cele mai cunoscute \u021bine de faptul c\u0103 ofi\u021berii osetini au maltratat, f\u0103r\u0103 nici un motiv, mai mul\u021bi locuitori, argument\u00e2ndu-\u0219i ac\u021biunile prin faptul c\u0103 se aflau \u00een c\u0103utarea a unui infractor, evadat din izolator.<\/p>\n<p>Persoanele b\u0103tute cu bestialitate au fost at\u00e2t al\u021bi de\u021binu\u021bi din izolator, c\u00e2t \u0219i simpli locuitori din regiune. Potrivit martorilor, mili\u021bienii b\u0103teau pe oricine ar putea avea vreo tangen\u021b\u0103 cu fugarul, declar\u00e2nd: \u201eNoi v\u0103 vom ar\u0103ta cine aici este puterea!\u201d.<\/p>\n<p>\u00cen urma incidentului, nici un mili\u021bian nu a fost tras la r\u0103spundere.<\/p>\n<p>Sursa:\u00a0<a href=\"https:\/\/deschide.md\/ro\/stiri\/social\/46080\/Separati\u0219tii-nu-trec-prin-Aeroportul-Chi\u0219in\u0103u-\u201eMinistrul-de-Interne\u201d-al-Osetiei-de-Sud-\u00eentors-acas\u0103.htm\">https:\/\/deschide.md\/<\/a><\/p>\n","protected":false},"excerpt":{"rendered":"<p>A\u0219a-numitul ministru de Interne al autoproclamatei Republici Osetia de Sud, Igor Naniev, a f\u0103cut cale \u00eentoars\u0103 de pe Aeroportul Interna\u021bional Chi\u0219in\u0103u. Acesta \u00eencerca s\u0103 ajung\u0103 \u00een regiunea transnistrean\u0103, dar a fost re\u021binut zilele trecute de ofi\u021berii Poli\u021biei de Frontier\u0103, care i-au cerut s\u0103 p\u0103r\u0103seasc\u0103 teritoriul Republicii Moldova. Potrivit surselor Deschide.MD, Igor Naniev a declarat c\u0103&#8230;<\/p>\n","protected":false},"author":2,"featured_media":0,"comment_status":"closed","ping_status":"open","sticky":false,"template":"","format":"standard","meta":[],"categories":[1],"tags":[],"_links":{"self":[{"href":"https:\/\/centers.ulbsibiu.ro\/ccsprise\/lact\/wp-json\/wp\/v2\/posts\/6101"}],"collection":[{"href":"https:\/\/centers.ulbsibiu.ro\/ccsprise\/lact\/wp-json\/wp\/v2\/posts"}],"about":[{"href":"https:\/\/centers.ulbsibiu.ro\/ccsprise\/lact\/wp-json\/wp\/v2\/types\/post"}],"author":[{"embeddable":true,"href":"https:\/\/centers.ulbsibiu.ro\/ccsprise\/lact\/wp-json\/wp\/v2\/users\/2"}],"replies":[{"embeddable":true,"href":"https:\/\/centers.ulbsibiu.ro\/ccsprise\/lact\/wp-json\/wp\/v2\/comments?post=6101"}],"version-history":[{"count":1,"href":"https:\/\/centers.ulbsibiu.ro\/ccsprise\/lact\/wp-json\/wp\/v2\/posts\/6101\/revisions"}],"predecessor-version":[{"id":6102,"href":"https:\/\/centers.ulbsibiu.ro\/ccsprise\/lact\/wp-json\/wp\/v2\/posts\/6101\/revisions\/6102"}],"wp:attachment":[{"href":"https:\/\/centers.ulbsibiu.ro\/ccsprise\/lact\/wp-json\/wp\/v2\/media?parent=6101"}],"wp:term":[{"taxonomy":"category","embeddable":true,"href":"https:\/\/centers.ulbsibiu.ro\/ccsprise\/lact\/wp-json\/wp\/v2\/categories?post=6101"},{"taxonomy":"post_tag","embeddable":true,"href":"https:\/\/centers.ulbsibiu.ro\/ccsprise\/lact\/wp-json\/wp\/v2\/tags?post=6101"}],"curies":[{"name":"wp","href":"https:\/\/api.w.org\/{rel}","templated":true}]}}