{"id":6097,"date":"2019-03-20T17:35:25","date_gmt":"2019-03-20T15:35:25","guid":{"rendered":"https:\/\/centers.ulbsibiu.ro\/ccsprise\/lact\/?p=6097"},"modified":"2019-03-20T17:35:25","modified_gmt":"2019-03-20T15:35:25","slug":"noi-md-in-transnistria-va-avea-loc-pentru-prima-data-un-forum-turistic","status":"publish","type":"post","link":"https:\/\/centers.ulbsibiu.ro\/ccsprise\/lact\/noi-md-in-transnistria-va-avea-loc-pentru-prima-data-un-forum-turistic\/","title":{"rendered":"Noi.md &#8211; \u00cen Transnistria va avea loc pentru prima dat\u0103 un forum turistic"},"content":{"rendered":"<p>Pentru prima dat\u0103 \u00een Transnistria va avea loc un forum turistic, care va fi organizat \u00een luna septembrie a acestui an.<\/p>\n<p>Potrivit presei transnistrene, acest eveniment este inclus \u00een programul de sus\u021binere \u0219i dezvoltare a turismului \u00een Transnistria pentru perioada 2019-2026, care a fost prezentat guvernului.<\/p>\n<p>Serghei Obolonic, vicepre\u0219edintele Guvernului &#8211; Ministrul Dezvolt\u0103rii Economice a Transnistriei, a declarat c\u0103 preg\u0103tirile pentru acest forum vor \u00eencepe la sf\u00eer\u0219itul lunii aprilie.<\/p>\n<p>Pe l\u00eeng\u0103 programul &#8220;puternic&#8221; al forumului, va fi elaborat \u0219i un design al brandurilor turistice ale ora\u0219elor \u0219i regiunilor din Transnistria, vor fi create suveniruri, standuri \u00een stil na\u021bional \u0219i produse publicitare.<\/p>\n<p>De asemenea, se planific\u0103 crearea ghidurilor turistice \u0219i a unui \u00eendrumar cu indicarea furnizorilor de servicii de turism din Transnistria.<\/p>\n<p>\u00cen total, pentru anul \u00een curs se prevede alocarea a 2 milioane 254 mii ruble transnistrene pentru dezvoltarea industriei turismului din Transnistria. Dup\u0103 cum s-a men\u021bionat \u00een cadrul \u0219edin\u021bei Guvernului,\u00a0 obiectivul principal al programului elaborat este cre\u0219terea atractivit\u0103\u021bii turistice a Transnistriei, at\u00eet pe pia\u021ba intern\u0103, c\u00eet \u0219i pe cea extern\u0103, precum \u0219i a calit\u0103\u021bii produsului turistic.<\/p>\n<p>Cite\u0219te mai mult: <a href=\"https:\/\/noi.md\/md\/transnistria\/in-transnistria-va-avea-loc-pentru-prima-data-un-forum-turistic\">https:\/\/noi.md\/md\/transnistria\/in-transnistria-va-avea-loc-pentru-prima-data-un-forum-turistic<\/a><br \/>\nFacebook: <a href=\"https:\/\/www.facebook.com\/NOI.md\/\">NOI.md<\/a> | Odnoklassniki: <a href=\"https:\/\/www.ok.ru\/noi.moldova\">Noi.Moldova<\/a><\/p>\n","protected":false},"excerpt":{"rendered":"<p>Pentru prima dat\u0103 \u00een Transnistria va avea loc un forum turistic, care va fi organizat \u00een luna septembrie a acestui an. Potrivit presei transnistrene, acest eveniment este inclus \u00een programul de sus\u021binere \u0219i dezvoltare a turismului \u00een Transnistria pentru perioada 2019-2026, care a fost prezentat guvernului. Serghei Obolonic, vicepre\u0219edintele Guvernului &#8211; Ministrul Dezvolt\u0103rii Economice a&#8230;<\/p>\n","protected":false},"author":2,"featured_media":0,"comment_status":"closed","ping_status":"open","sticky":false,"template":"","format":"standard","meta":[],"categories":[1],"tags":[],"_links":{"self":[{"href":"https:\/\/centers.ulbsibiu.ro\/ccsprise\/lact\/wp-json\/wp\/v2\/posts\/6097"}],"collection":[{"href":"https:\/\/centers.ulbsibiu.ro\/ccsprise\/lact\/wp-json\/wp\/v2\/posts"}],"about":[{"href":"https:\/\/centers.ulbsibiu.ro\/ccsprise\/lact\/wp-json\/wp\/v2\/types\/post"}],"author":[{"embeddable":true,"href":"https:\/\/centers.ulbsibiu.ro\/ccsprise\/lact\/wp-json\/wp\/v2\/users\/2"}],"replies":[{"embeddable":true,"href":"https:\/\/centers.ulbsibiu.ro\/ccsprise\/lact\/wp-json\/wp\/v2\/comments?post=6097"}],"version-history":[{"count":1,"href":"https:\/\/centers.ulbsibiu.ro\/ccsprise\/lact\/wp-json\/wp\/v2\/posts\/6097\/revisions"}],"predecessor-version":[{"id":6098,"href":"https:\/\/centers.ulbsibiu.ro\/ccsprise\/lact\/wp-json\/wp\/v2\/posts\/6097\/revisions\/6098"}],"wp:attachment":[{"href":"https:\/\/centers.ulbsibiu.ro\/ccsprise\/lact\/wp-json\/wp\/v2\/media?parent=6097"}],"wp:term":[{"taxonomy":"category","embeddable":true,"href":"https:\/\/centers.ulbsibiu.ro\/ccsprise\/lact\/wp-json\/wp\/v2\/categories?post=6097"},{"taxonomy":"post_tag","embeddable":true,"href":"https:\/\/centers.ulbsibiu.ro\/ccsprise\/lact\/wp-json\/wp\/v2\/tags?post=6097"}],"curies":[{"name":"wp","href":"https:\/\/api.w.org\/{rel}","templated":true}]}}