{"id":6095,"date":"2019-03-20T17:30:31","date_gmt":"2019-03-20T15:30:31","guid":{"rendered":"https:\/\/centers.ulbsibiu.ro\/ccsprise\/lact\/?p=6095"},"modified":"2019-03-20T17:30:31","modified_gmt":"2019-03-20T15:30:31","slug":"infotag-md-vicepresedintele-guvernului-transnistrean-a-fost-numit-ministru-al-sanatatii","status":"publish","type":"post","link":"https:\/\/centers.ulbsibiu.ro\/ccsprise\/lact\/infotag-md-vicepresedintele-guvernului-transnistrean-a-fost-numit-ministru-al-sanatatii\/","title":{"rendered":"Infotag.md &#8211; VICEPRE\u015eEDINTELE GUVERNULUI TRANSNISTREAN A FOST NUMIT MINISTRU AL S\u0102N\u0102T\u0102\u0162II"},"content":{"rendered":"<p>Vicepre\u015fedintele guvernului autoproclamatei RMN, Alexei \u0162urcan, va \u00eendeplini \u015fi func\u0163ia de ministru al s\u0103n\u0103t\u0103\u0163ii.<\/p>\n<p>Un decret \u00een acest sens a fost semnat mar\u0163i de liderul de la Tiraspol, Vadim Krasnoselski. El consider\u0103 c\u0103 aceast\u0103 candidatur\u0103 este potrivit\u0103, chiar dac\u0103 acesta nu are studii medicale. &#8220;Ministrul este \u00een primul r\u00e2nd un administrator. Iar \u0162urcan are experien\u0163\u0103 suficient\u0103 \u00een management \u015fi cunoa\u015fte bine situa\u0163ia din sectorul s\u0103n\u0103t\u0103\u0163ii&#8221;, a spus Krasnoselski \u00een timpul discut\u0103rii candidaturii.<\/p>\n<p>\u0162urcan are 34 de ani. El are o diplom\u0103 \u00een economie \u015fi drept. Din martie 2017 este vicepre\u015fedinte al guvernului. Anterior, a lucrat \u00een calitate de colaborator \u015ftiin\u0163ific la universitate, iar mai \u00eenainte a fost consilier al pre\u015fedintelui Sovietului Suprem.<\/p>\n<p>Sursa:\u00a0<a href=\"http:\/\/www.infotag.md\/rebelion-ro\/273907\/\">http:\/\/www.infotag.md\/<\/a><\/p>\n","protected":false},"excerpt":{"rendered":"<p>Vicepre\u015fedintele guvernului autoproclamatei RMN, Alexei \u0162urcan, va \u00eendeplini \u015fi func\u0163ia de ministru al s\u0103n\u0103t\u0103\u0163ii. Un decret \u00een acest sens a fost semnat mar\u0163i de liderul de la Tiraspol, Vadim Krasnoselski. El consider\u0103 c\u0103 aceast\u0103 candidatur\u0103 este potrivit\u0103, chiar dac\u0103 acesta nu are studii medicale. &#8220;Ministrul este \u00een primul r\u00e2nd un administrator. Iar \u0162urcan are experien\u0163\u0103&#8230;<\/p>\n","protected":false},"author":2,"featured_media":0,"comment_status":"closed","ping_status":"open","sticky":false,"template":"","format":"standard","meta":[],"categories":[1],"tags":[],"_links":{"self":[{"href":"https:\/\/centers.ulbsibiu.ro\/ccsprise\/lact\/wp-json\/wp\/v2\/posts\/6095"}],"collection":[{"href":"https:\/\/centers.ulbsibiu.ro\/ccsprise\/lact\/wp-json\/wp\/v2\/posts"}],"about":[{"href":"https:\/\/centers.ulbsibiu.ro\/ccsprise\/lact\/wp-json\/wp\/v2\/types\/post"}],"author":[{"embeddable":true,"href":"https:\/\/centers.ulbsibiu.ro\/ccsprise\/lact\/wp-json\/wp\/v2\/users\/2"}],"replies":[{"embeddable":true,"href":"https:\/\/centers.ulbsibiu.ro\/ccsprise\/lact\/wp-json\/wp\/v2\/comments?post=6095"}],"version-history":[{"count":1,"href":"https:\/\/centers.ulbsibiu.ro\/ccsprise\/lact\/wp-json\/wp\/v2\/posts\/6095\/revisions"}],"predecessor-version":[{"id":6096,"href":"https:\/\/centers.ulbsibiu.ro\/ccsprise\/lact\/wp-json\/wp\/v2\/posts\/6095\/revisions\/6096"}],"wp:attachment":[{"href":"https:\/\/centers.ulbsibiu.ro\/ccsprise\/lact\/wp-json\/wp\/v2\/media?parent=6095"}],"wp:term":[{"taxonomy":"category","embeddable":true,"href":"https:\/\/centers.ulbsibiu.ro\/ccsprise\/lact\/wp-json\/wp\/v2\/categories?post=6095"},{"taxonomy":"post_tag","embeddable":true,"href":"https:\/\/centers.ulbsibiu.ro\/ccsprise\/lact\/wp-json\/wp\/v2\/tags?post=6095"}],"curies":[{"name":"wp","href":"https:\/\/api.w.org\/{rel}","templated":true}]}}