{"id":6093,"date":"2019-03-19T19:36:23","date_gmt":"2019-03-19T17:36:23","guid":{"rendered":"https:\/\/centers.ulbsibiu.ro\/ccsprise\/lact\/?p=6093"},"modified":"2019-03-19T19:36:23","modified_gmt":"2019-03-19T17:36:23","slug":"moldpres-md-tiraspolul-doreste-mai-multe-acorduri-cu-chisinaul-potrivit-lui-vadim-krasnoselski","status":"publish","type":"post","link":"https:\/\/centers.ulbsibiu.ro\/ccsprise\/lact\/moldpres-md-tiraspolul-doreste-mai-multe-acorduri-cu-chisinaul-potrivit-lui-vadim-krasnoselski\/","title":{"rendered":"Moldpres.md &#8211; Tiraspolul dore\u015fte mai multe acorduri cu Chi\u015fin\u0103ul, potrivit lui Vadim Krasnoselski"},"content":{"rendered":"<p>Chi\u015fin\u0103u, 19 mar. \/MOLDPRES\/. Tiraspolul este interesat de \u00eencheierea mai multor acorduri cu Chi\u015fin\u0103ul \u015fi pledeaz\u0103 pentru \u00eembun\u0103t\u0103\u0163irea climatului politic. Declara\u0163ia a fost f\u0103cut\u0103 ieri, \u00een cadrul \u00eentrevederii pretinsului pre\u015fedinte al autoproclamatei rmn, Vadim Krasnoselski, cu ambasadorul SUA \u00een Republica Moldova, Derek Hogan, transmite MOLDPRES.<\/p>\n<p>\u201eNe intereseaz\u0103 deciziile finale, realizarea \u00een\u0163elegerilor anterioare, precum \u015fi semnarea noilor acorduri\u201d, a spus Krasnoselski.<\/p>\n<p>Liderul de la Tiraspol \u015fi-a exprimat speran\u0163a c\u0103 negocierile pentru reglementarea transnistrean\u0103, \u00een formatul \u201e5+2\u201d, vor continua.<\/p>\n<p>La r\u00e2ndul s\u0103u, ambasadorul SUA a men\u0163ionat c\u0103 desemnarea unui nou grup pentru tratative din partea Chi\u015fin\u0103ului depinde \u00een deplin\u0103 m\u0103sur\u0103 de procesele democratice derulate \u00een Republica Moldova dup\u0103 alegeri.<\/p>\n<p>\u201eSuntem parteneri interesa\u0163i \u00een formatul \u201e5+2\u201d \u015fi ne dorim ca acest proces s\u0103 avanseze. Alegerile parlamentare au trecut \u015fi, p\u00e2n\u0103 la formarea unui nou guvern, am dori s\u0103 discut\u0103m cu partea transnistrean\u0103 o serie de probleme actuale ca s\u0103 v\u0103 cunoa\u015ftem pozi\u0163ia \u00een acest sens\u201d, a subliniat Derek Hogan. Diplomatul a precizat c\u0103 pentru Ambasada SUA este important s\u0103 men\u0163in\u0103 bune rela\u0163ii \u00een regiunea transnistrean\u0103.<\/p>\n<p>Sursa:\u00a0<a href=\"https:\/\/www.moldpres.md\/news\/2019\/03\/19\/19002171\">https:\/\/www.moldpres.md\/<\/a><\/p>\n","protected":false},"excerpt":{"rendered":"<p>Chi\u015fin\u0103u, 19 mar. \/MOLDPRES\/. Tiraspolul este interesat de \u00eencheierea mai multor acorduri cu Chi\u015fin\u0103ul \u015fi pledeaz\u0103 pentru \u00eembun\u0103t\u0103\u0163irea climatului politic. Declara\u0163ia a fost f\u0103cut\u0103 ieri, \u00een cadrul \u00eentrevederii pretinsului pre\u015fedinte al autoproclamatei rmn, Vadim Krasnoselski, cu ambasadorul SUA \u00een Republica Moldova, Derek Hogan, transmite MOLDPRES. \u201eNe intereseaz\u0103 deciziile finale, realizarea \u00een\u0163elegerilor anterioare, precum \u015fi semnarea&#8230;<\/p>\n","protected":false},"author":2,"featured_media":0,"comment_status":"closed","ping_status":"open","sticky":false,"template":"","format":"standard","meta":[],"categories":[1],"tags":[],"_links":{"self":[{"href":"https:\/\/centers.ulbsibiu.ro\/ccsprise\/lact\/wp-json\/wp\/v2\/posts\/6093"}],"collection":[{"href":"https:\/\/centers.ulbsibiu.ro\/ccsprise\/lact\/wp-json\/wp\/v2\/posts"}],"about":[{"href":"https:\/\/centers.ulbsibiu.ro\/ccsprise\/lact\/wp-json\/wp\/v2\/types\/post"}],"author":[{"embeddable":true,"href":"https:\/\/centers.ulbsibiu.ro\/ccsprise\/lact\/wp-json\/wp\/v2\/users\/2"}],"replies":[{"embeddable":true,"href":"https:\/\/centers.ulbsibiu.ro\/ccsprise\/lact\/wp-json\/wp\/v2\/comments?post=6093"}],"version-history":[{"count":1,"href":"https:\/\/centers.ulbsibiu.ro\/ccsprise\/lact\/wp-json\/wp\/v2\/posts\/6093\/revisions"}],"predecessor-version":[{"id":6094,"href":"https:\/\/centers.ulbsibiu.ro\/ccsprise\/lact\/wp-json\/wp\/v2\/posts\/6093\/revisions\/6094"}],"wp:attachment":[{"href":"https:\/\/centers.ulbsibiu.ro\/ccsprise\/lact\/wp-json\/wp\/v2\/media?parent=6093"}],"wp:term":[{"taxonomy":"category","embeddable":true,"href":"https:\/\/centers.ulbsibiu.ro\/ccsprise\/lact\/wp-json\/wp\/v2\/categories?post=6093"},{"taxonomy":"post_tag","embeddable":true,"href":"https:\/\/centers.ulbsibiu.ro\/ccsprise\/lact\/wp-json\/wp\/v2\/tags?post=6093"}],"curies":[{"name":"wp","href":"https:\/\/api.w.org\/{rel}","templated":true}]}}