{"id":6091,"date":"2019-03-19T19:33:28","date_gmt":"2019-03-19T17:33:28","guid":{"rendered":"https:\/\/centers.ulbsibiu.ro\/ccsprise\/lact\/?p=6091"},"modified":"2019-03-19T19:33:28","modified_gmt":"2019-03-19T17:33:28","slug":"infotag-md-ambasadorul-sua-a-vizitat-parlamentul-transnistrean","status":"publish","type":"post","link":"https:\/\/centers.ulbsibiu.ro\/ccsprise\/lact\/infotag-md-ambasadorul-sua-a-vizitat-parlamentul-transnistrean\/","title":{"rendered":"Infotag.md &#8211; AMBASADORUL SUA A VIZITAT PARLAMENTUL TRANSNISTREAN"},"content":{"rendered":"<p>\u00cen ajun, \u00een cadrul vizitei sale la Tiraspol, Ambasadorul SUA \u00een Republica Moldova, Dereck Hogan, a vizitat pentru prima dat\u0103 organul legislativ al autoproclamatei RMN \u2013 Sovietul Suprem (SS) \u0219i s-a \u00eent\u00e2lnit cu conducerea acestuia.<br \/>\nPotrivit agen\u0163iei INFOTAG cu referire la site-ul SS, noul pre\u0219edinte al legislativului, Alexandr Kor\u015funov, a men\u0163ionat \u00een cadrul \u00eentrevederii c\u0103, \u201ede\u015fi potrivit Constitu\u021biei, sfera politicii externe \u0163ine de competen\u0163a \u0219efului statului \u0219i Ministerul Afacerilor Externe, Sovietul Suprem, de asemenea, manifest\u0103 un interes deosebit pentru aceasta, deoarece situa\u021bia care se dezvolt\u0103 de-a lungul perimetrului extern al republicii afecteaz\u0103 \u00een mod direct via\u021ba aleg\u0103torilor\u201d.<br \/>\n\u201e\u00cen domeniul extern toate ramurile \u0219i organele puterii ac\u021bioneaz\u0103 cu pozi\u021bii consolidate\u201d, a spus el, men\u021bion\u00e2nd \u201epresiunea negativ\u0103 exercitat\u0103 de c\u0103tre autorit\u0103\u021bile moldovene\u0219ti asupra Transnistriei, utilizarea diferitelor tipuri de sanc\u021biuni \u0219i restric\u021bii fa\u0163\u0103 de persoane juridice \u015fi fizice\u201d.<br \/>\nPre\u0219edintele Parlamentului \u0219i-a exprimat speran\u021ba c\u0103 \u201eSUA, care \u00ee\u015fi declar\u0103 ata\u015famentul fa\u021b\u0103 de principiile democratice, ap\u0103rarea drepturilor omului \u0219i libert\u0103\u021bilor cet\u0103\u021benilor, vor aduce o contribu\u021bie semnificativ\u0103 la negocierile \u00een formatul \u201e5+2\u201d \u00een procesul de reglementare politic\u0103 a rela\u021biilor dintre cele dou\u0103 maluri ale Nistrului\u201d.<br \/>\nPotrivit vicepre\u0219edintei Sovietului Suprem, Galina Antiufeeva, \u00eempreun\u0103 cu reprezentan\u021bii ambasadei americane s-a ajun la \u00een\u0163elegerea c\u0103 astfel de \u00eent\u00e2lniri vor continua.<br \/>\n\u201eAcest lucru este extrem de important \u0219i necesar pentru rezolvarea prompt\u0103 a problemelor cu care ni se adreseaz\u0103 aleg\u0103torii no\u0219tri. \u00cen\u0163elegerile atinse \u00een procesul de negocieri trebuie s\u0103 fie implementate \u00een cadrul legal al RMN. Aceasta va servi ca o garan\u021bie suplimentar\u0103 c\u0103 ele vor fi realizate. Din p\u0103cate, nu toate sunt realizate de partea moldoveneasc\u0103\u201d, a spus ea.<\/p>\n<p>Sursa:\u00a0<a href=\"http:\/\/www.infotag.md\/rebelion-ro\/273862\/\">http:\/\/www.infotag.md\/<\/a><\/p>\n","protected":false},"excerpt":{"rendered":"<p>\u00cen ajun, \u00een cadrul vizitei sale la Tiraspol, Ambasadorul SUA \u00een Republica Moldova, Dereck Hogan, a vizitat pentru prima dat\u0103 organul legislativ al autoproclamatei RMN \u2013 Sovietul Suprem (SS) \u0219i s-a \u00eent\u00e2lnit cu conducerea acestuia. Potrivit agen\u0163iei INFOTAG cu referire la site-ul SS, noul pre\u0219edinte al legislativului, Alexandr Kor\u015funov, a men\u0163ionat \u00een cadrul \u00eentrevederii c\u0103,&#8230;<\/p>\n","protected":false},"author":2,"featured_media":0,"comment_status":"closed","ping_status":"open","sticky":false,"template":"","format":"standard","meta":[],"categories":[1],"tags":[],"_links":{"self":[{"href":"https:\/\/centers.ulbsibiu.ro\/ccsprise\/lact\/wp-json\/wp\/v2\/posts\/6091"}],"collection":[{"href":"https:\/\/centers.ulbsibiu.ro\/ccsprise\/lact\/wp-json\/wp\/v2\/posts"}],"about":[{"href":"https:\/\/centers.ulbsibiu.ro\/ccsprise\/lact\/wp-json\/wp\/v2\/types\/post"}],"author":[{"embeddable":true,"href":"https:\/\/centers.ulbsibiu.ro\/ccsprise\/lact\/wp-json\/wp\/v2\/users\/2"}],"replies":[{"embeddable":true,"href":"https:\/\/centers.ulbsibiu.ro\/ccsprise\/lact\/wp-json\/wp\/v2\/comments?post=6091"}],"version-history":[{"count":1,"href":"https:\/\/centers.ulbsibiu.ro\/ccsprise\/lact\/wp-json\/wp\/v2\/posts\/6091\/revisions"}],"predecessor-version":[{"id":6092,"href":"https:\/\/centers.ulbsibiu.ro\/ccsprise\/lact\/wp-json\/wp\/v2\/posts\/6091\/revisions\/6092"}],"wp:attachment":[{"href":"https:\/\/centers.ulbsibiu.ro\/ccsprise\/lact\/wp-json\/wp\/v2\/media?parent=6091"}],"wp:term":[{"taxonomy":"category","embeddable":true,"href":"https:\/\/centers.ulbsibiu.ro\/ccsprise\/lact\/wp-json\/wp\/v2\/categories?post=6091"},{"taxonomy":"post_tag","embeddable":true,"href":"https:\/\/centers.ulbsibiu.ro\/ccsprise\/lact\/wp-json\/wp\/v2\/tags?post=6091"}],"curies":[{"name":"wp","href":"https:\/\/api.w.org\/{rel}","templated":true}]}}