{"id":6088,"date":"2019-03-18T19:36:54","date_gmt":"2019-03-18T17:36:54","guid":{"rendered":"https:\/\/centers.ulbsibiu.ro\/ccsprise\/lact\/?p=6088"},"modified":"2019-03-18T19:36:54","modified_gmt":"2019-03-18T17:36:54","slug":"infotag-md-ambasadorul-lituaniei-in-moldova-a-efectuat-o-vizita-de-documentare-la-tiraspol","status":"publish","type":"post","link":"https:\/\/centers.ulbsibiu.ro\/ccsprise\/lact\/infotag-md-ambasadorul-lituaniei-in-moldova-a-efectuat-o-vizita-de-documentare-la-tiraspol\/","title":{"rendered":"Infotag.md &#8211; AMBASADORUL LITUANIEI \u00ceN MOLDOVA A EFECTUAT O VIZIT\u0102 DE DOCUMENTARE LA TIRASPOL"},"content":{"rendered":"<p>Lituania este la curent cu situa\u021bia din jurul Transnistriei, \u00een\u021belege problemele \u0219i vrea s\u0103 ofere un sprijin posibil. O declara\u0163ie \u00een acest sens a f\u0103cut Ambasadorul Lituaniei \u00een Republica Moldova, Kestutis Kudzmanas, care a mers s\u00e2mb\u0103t\u0103 pentru prima dat\u0103 la Tiraspol, unde s-a \u00eent\u00e2lnit cu pre\u0219edintele autoproclamatei RMN, Vadim Krasnoselski.<\/p>\n<p>Potrivit agen\u0163iei INFOTAG cu referire la site-ul liderului transnistrean, diplomatul a men\u021bionat c\u0103 \u021bara sa \u201eacord\u0103 o aten\u021bie sporit\u0103 statelor din Parteneriatul Estic: acesta este principalul vector al politicii sale externe\u201d.<br \/>\n\u201eInteresul nostru este determinat \u015fi de procesul de negocieri \u00een formatul \u201e5+2\u201d \u201d, a spus el.<br \/>\nKrasnoselski \u201e\u0219i-a exprimat recuno\u0219tin\u021ba pentru aten\u021bia acordat\u0103 RMN, subliniind c\u0103 partea transnistrean\u0103 salut\u0103 dialogul \u0219i cooperarea constructiv\u0103 \u00een diferite domenii\u201d. El \u0219i-a exprimat convingerea c\u0103 Lituania este un partener de \u00eencredere \u0219i, de asemenea, a men\u021bionat importan\u0163a particip\u0103rii p\u0103r\u021bii lituaniene, ca membru al Uniunii Europene, la procesul de negocieri dintre Transnistria \u0219i Republica Moldova.<\/p>\n<p>Interlocutorii au discutat \u201eperspectivele cooper\u0103rii bilaterale transnistreano-lituaniene, au f\u0103cut schimb de opinii cu privire la \u00eentreaga gam\u0103 de chestiuni de interes, subliniind interesul reciproc \u00een \u00eent\u0103rirea \u0219i dezvoltarea contactelor\u201d.<\/p>\n<p>Sursa:\u00a0<a href=\"http:\/\/www.infotag.md\/rebelion-ro\/273773\/\">http:\/\/www.infotag.md\/<\/a><\/p>\n","protected":false},"excerpt":{"rendered":"<p>Lituania este la curent cu situa\u021bia din jurul Transnistriei, \u00een\u021belege problemele \u0219i vrea s\u0103 ofere un sprijin posibil. O declara\u0163ie \u00een acest sens a f\u0103cut Ambasadorul Lituaniei \u00een Republica Moldova, Kestutis Kudzmanas, care a mers s\u00e2mb\u0103t\u0103 pentru prima dat\u0103 la Tiraspol, unde s-a \u00eent\u00e2lnit cu pre\u0219edintele autoproclamatei RMN, Vadim Krasnoselski. Potrivit agen\u0163iei INFOTAG cu referire&#8230;<\/p>\n","protected":false},"author":2,"featured_media":0,"comment_status":"closed","ping_status":"open","sticky":false,"template":"","format":"standard","meta":[],"categories":[1],"tags":[],"_links":{"self":[{"href":"https:\/\/centers.ulbsibiu.ro\/ccsprise\/lact\/wp-json\/wp\/v2\/posts\/6088"}],"collection":[{"href":"https:\/\/centers.ulbsibiu.ro\/ccsprise\/lact\/wp-json\/wp\/v2\/posts"}],"about":[{"href":"https:\/\/centers.ulbsibiu.ro\/ccsprise\/lact\/wp-json\/wp\/v2\/types\/post"}],"author":[{"embeddable":true,"href":"https:\/\/centers.ulbsibiu.ro\/ccsprise\/lact\/wp-json\/wp\/v2\/users\/2"}],"replies":[{"embeddable":true,"href":"https:\/\/centers.ulbsibiu.ro\/ccsprise\/lact\/wp-json\/wp\/v2\/comments?post=6088"}],"version-history":[{"count":1,"href":"https:\/\/centers.ulbsibiu.ro\/ccsprise\/lact\/wp-json\/wp\/v2\/posts\/6088\/revisions"}],"predecessor-version":[{"id":6089,"href":"https:\/\/centers.ulbsibiu.ro\/ccsprise\/lact\/wp-json\/wp\/v2\/posts\/6088\/revisions\/6089"}],"wp:attachment":[{"href":"https:\/\/centers.ulbsibiu.ro\/ccsprise\/lact\/wp-json\/wp\/v2\/media?parent=6088"}],"wp:term":[{"taxonomy":"category","embeddable":true,"href":"https:\/\/centers.ulbsibiu.ro\/ccsprise\/lact\/wp-json\/wp\/v2\/categories?post=6088"},{"taxonomy":"post_tag","embeddable":true,"href":"https:\/\/centers.ulbsibiu.ro\/ccsprise\/lact\/wp-json\/wp\/v2\/tags?post=6088"}],"curies":[{"name":"wp","href":"https:\/\/api.w.org\/{rel}","templated":true}]}}