{"id":6086,"date":"2019-03-18T19:30:02","date_gmt":"2019-03-18T17:30:02","guid":{"rendered":"https:\/\/centers.ulbsibiu.ro\/ccsprise\/lact\/?p=6086"},"modified":"2019-03-18T19:30:02","modified_gmt":"2019-03-18T17:30:02","slug":"gov-md-despre-sedinta-grupurilor-de-lucru-pentru-dezvoltarea-transportului-auto-si-infrastructurii-drumurilor","status":"publish","type":"post","link":"https:\/\/centers.ulbsibiu.ro\/ccsprise\/lact\/gov-md-despre-sedinta-grupurilor-de-lucru-pentru-dezvoltarea-transportului-auto-si-infrastructurii-drumurilor\/","title":{"rendered":"Gov.md &#8211; Despre \u0219edin\u021ba grupurilor de lucru pentru dezvoltarea transportului auto \u0219i infrastructurii drumurilor"},"content":{"rendered":"<p>Ast\u0103zi, 18 martie 2019, la ini\u021biativa p\u0103r\u021bii moldovene\u0219ti, la sediul Misiunii OSCE din or. Tiraspol a avut loc \u0219edin\u021ba grupurilor de lucru pentru dezvoltarea transportului auto \u0219i infrastructurii drumurilor, cu participarea reprezentan\u021bilor din cadrul formatului de negocieri \u201e5+2\u201d.<\/p>\n<p>\u00cent\u00e2lnirea a fost dedicat\u0103 discut\u0103rii aspectelor legate de implementarea prevederilor Deciziei protocolare din 24 aprilie 2018 \u201eCu privire la participarea \u00een traficul rutier interna\u021bional a autovehiculelor din regiunea transnistrean\u0103, care nu desf\u0103\u0219oar\u0103 activit\u0103\u021bi comerciale\u201d, precum \u0219i analizei pe perioada septembrie 2018-martie 2019 a dinamicii lu\u0103rii la eviden\u021b\u0103 la punctele de \u00eenmatriculare a mijloacelor de transport (P\u00ceMT) din or.R\u00e2bni\u021ba \u0219i Tiraspol a autovehiculelor cu pl\u0103ci \u0219i certificate de \u00eenregistrare de model neutru.<\/p>\n<p>\u00cen context au fost eviden\u021biate anumite dificult\u0103\u021bi \u00eent\u00e2mpinate \u00een procesul de documentare a unit\u0103\u021bilor de transport \u0219i de asigurare a particip\u0103rii acestora \u00een traficul rutier interna\u021bional, fiind men\u021bionat\u0103 necesitatea depunerii eforturilor de resort \u00een vederea elimin\u0103rii problemelor constatate, cu respectarea prevederilor cadrului normativ \u00een vigoare \u0219i a cerin\u021belor Conven\u021biei de la Viena asupra circula\u021biei rutiere din 08 noiembrie 1968.<\/p>\n<p>Exper\u021bii au discutat \u0219i alte aspecte organizatorice menite s\u0103 \u00eembun\u0103t\u0103\u021beasc\u0103 mecanismul de implementare a Deciziei protocolare din 24 aprilie 2018, inclusiv \u00een contextul intensific\u0103rii procesului de preschimbare a permiselor de conducere \u00een cele de model na\u021bional \u0219i a uniformiz\u0103rii procedurilor la importul \u00een \u021bar\u0103 a unit\u0103\u021bilor de transport.<\/p>\n<p>De asemenea, reprezentan\u021bii Chi\u0219in\u0103ului au relevat necesitatea excluderii aplic\u0103rii de c\u0103tre partea transnistrean\u0103 a a\u0219a-numitei viniete \u00een raport cu posesorii\/ conduc\u0103torii de autovehicule cu numere de \u00eenmatriculare moldovene\u0219ti.<\/p>\n<p>Urm\u0103toarea \u0219edin\u021b\u0103 a grupului de lucru va avea loc la Chi\u0219in\u0103u.<\/p>\n<p>Sursa:\u00a0<a href=\"https:\/\/gov.md\/ro\/content\/despre-sedinta-grupurilor-de-lucru-pentru-dezvoltarea-transportului-auto-si-infrastructurii\">https:\/\/gov.md\/<\/a><\/p>\n","protected":false},"excerpt":{"rendered":"<p>Ast\u0103zi, 18 martie 2019, la ini\u021biativa p\u0103r\u021bii moldovene\u0219ti, la sediul Misiunii OSCE din or. Tiraspol a avut loc \u0219edin\u021ba grupurilor de lucru pentru dezvoltarea transportului auto \u0219i infrastructurii drumurilor, cu participarea reprezentan\u021bilor din cadrul formatului de negocieri \u201e5+2\u201d. \u00cent\u00e2lnirea a fost dedicat\u0103 discut\u0103rii aspectelor legate de implementarea prevederilor Deciziei protocolare din 24 aprilie 2018 \u201eCu&#8230;<\/p>\n","protected":false},"author":2,"featured_media":0,"comment_status":"closed","ping_status":"open","sticky":false,"template":"","format":"standard","meta":[],"categories":[1],"tags":[],"_links":{"self":[{"href":"https:\/\/centers.ulbsibiu.ro\/ccsprise\/lact\/wp-json\/wp\/v2\/posts\/6086"}],"collection":[{"href":"https:\/\/centers.ulbsibiu.ro\/ccsprise\/lact\/wp-json\/wp\/v2\/posts"}],"about":[{"href":"https:\/\/centers.ulbsibiu.ro\/ccsprise\/lact\/wp-json\/wp\/v2\/types\/post"}],"author":[{"embeddable":true,"href":"https:\/\/centers.ulbsibiu.ro\/ccsprise\/lact\/wp-json\/wp\/v2\/users\/2"}],"replies":[{"embeddable":true,"href":"https:\/\/centers.ulbsibiu.ro\/ccsprise\/lact\/wp-json\/wp\/v2\/comments?post=6086"}],"version-history":[{"count":1,"href":"https:\/\/centers.ulbsibiu.ro\/ccsprise\/lact\/wp-json\/wp\/v2\/posts\/6086\/revisions"}],"predecessor-version":[{"id":6087,"href":"https:\/\/centers.ulbsibiu.ro\/ccsprise\/lact\/wp-json\/wp\/v2\/posts\/6086\/revisions\/6087"}],"wp:attachment":[{"href":"https:\/\/centers.ulbsibiu.ro\/ccsprise\/lact\/wp-json\/wp\/v2\/media?parent=6086"}],"wp:term":[{"taxonomy":"category","embeddable":true,"href":"https:\/\/centers.ulbsibiu.ro\/ccsprise\/lact\/wp-json\/wp\/v2\/categories?post=6086"},{"taxonomy":"post_tag","embeddable":true,"href":"https:\/\/centers.ulbsibiu.ro\/ccsprise\/lact\/wp-json\/wp\/v2\/tags?post=6086"}],"curies":[{"name":"wp","href":"https:\/\/api.w.org\/{rel}","templated":true}]}}