{"id":6084,"date":"2019-03-18T08:37:32","date_gmt":"2019-03-18T06:37:32","guid":{"rendered":"https:\/\/centers.ulbsibiu.ro\/ccsprise\/lact\/?p=6084"},"modified":"2019-03-18T08:37:32","modified_gmt":"2019-03-18T06:37:32","slug":"radiochisinau-md-administratia-de-la-tiraspol-ii-obliga-pe-antreprenori-din-transnistria-sa-renunte-la-patenta-de-la-1-aprilie","status":"publish","type":"post","link":"https:\/\/centers.ulbsibiu.ro\/ccsprise\/lact\/radiochisinau-md-administratia-de-la-tiraspol-ii-obliga-pe-antreprenori-din-transnistria-sa-renunte-la-patenta-de-la-1-aprilie\/","title":{"rendered":"Radiochisinau.md &#8211; Administra\u021bia de la Tiraspol \u00eei oblig\u0103 pe antreprenori din Transnistria s\u0103 renun\u021be la patent\u0103, de la 1 aprilie"},"content":{"rendered":"<p class=\"story-body__introduction\">Antreprenorii din regiunea transnistrean\u0103 care activeaz\u0103 \u00een baz\u0103 de patent\u0103 vor fi nevoi\u021bi s\u0103 renun\u021be la ea, de la 1 aprilie, \u0219i s\u0103 aleag\u0103 unul dintre trei regimuri fiscale pe care le propun autorit\u0103\u021bile de la Tiraspol, transmite IPN.<\/p>\n<div class=\"articleContent\">\n<p>Potrivit presei din regiune, \u00een func\u021bie de domeniul de activitate, dar \u0219i de cifra de afaceri, antreprenorii se vor putea \u00eenregistra \u00een calitate de \u00eentreprinz\u0103tori individuali sau vor activa \u00een baza unui sistem de impozitare simplificat. O a treia op\u021biune este procurarea unei patente antreprenoriale individuale, dar \u00een acest caz va fi limitat volumul de produse care poate fi importat.<\/p>\n<p>Cei care nu vor reu\u0219i s\u0103 depun\u0103 demersurile necesare p\u00e2n\u0103 pe 1 aprilie, vor mai putea activa cu actualele patente cel mult o lun\u0103.<\/p>\n<p>Sursa:\u00a0<a href=\"https:\/\/radiochisinau.md\/administratia-de-la-tiraspol-ii-obliga-pe-antreprenori-din-transnistria-sa-renunte-la-patenta-de-la-1-aprilie---84087.html?fbclid=IwAR0mvbfDJDP1S0j7WhahZZ3OlTAuybHD23TAnODQ-YgEzxQaXYmxak4_yvU\">https:\/\/radiochisinau.md\/<\/a><\/p>\n<\/div>\n","protected":false},"excerpt":{"rendered":"<p>Antreprenorii din regiunea transnistrean\u0103 care activeaz\u0103 \u00een baz\u0103 de patent\u0103 vor fi nevoi\u021bi s\u0103 renun\u021be la ea, de la 1 aprilie, \u0219i s\u0103 aleag\u0103 unul dintre trei regimuri fiscale pe care le propun autorit\u0103\u021bile de la Tiraspol, transmite IPN. Potrivit presei din regiune, \u00een func\u021bie de domeniul de activitate, dar \u0219i de cifra de afaceri,&#8230;<\/p>\n","protected":false},"author":2,"featured_media":0,"comment_status":"closed","ping_status":"open","sticky":false,"template":"","format":"standard","meta":[],"categories":[1],"tags":[],"_links":{"self":[{"href":"https:\/\/centers.ulbsibiu.ro\/ccsprise\/lact\/wp-json\/wp\/v2\/posts\/6084"}],"collection":[{"href":"https:\/\/centers.ulbsibiu.ro\/ccsprise\/lact\/wp-json\/wp\/v2\/posts"}],"about":[{"href":"https:\/\/centers.ulbsibiu.ro\/ccsprise\/lact\/wp-json\/wp\/v2\/types\/post"}],"author":[{"embeddable":true,"href":"https:\/\/centers.ulbsibiu.ro\/ccsprise\/lact\/wp-json\/wp\/v2\/users\/2"}],"replies":[{"embeddable":true,"href":"https:\/\/centers.ulbsibiu.ro\/ccsprise\/lact\/wp-json\/wp\/v2\/comments?post=6084"}],"version-history":[{"count":1,"href":"https:\/\/centers.ulbsibiu.ro\/ccsprise\/lact\/wp-json\/wp\/v2\/posts\/6084\/revisions"}],"predecessor-version":[{"id":6085,"href":"https:\/\/centers.ulbsibiu.ro\/ccsprise\/lact\/wp-json\/wp\/v2\/posts\/6084\/revisions\/6085"}],"wp:attachment":[{"href":"https:\/\/centers.ulbsibiu.ro\/ccsprise\/lact\/wp-json\/wp\/v2\/media?parent=6084"}],"wp:term":[{"taxonomy":"category","embeddable":true,"href":"https:\/\/centers.ulbsibiu.ro\/ccsprise\/lact\/wp-json\/wp\/v2\/categories?post=6084"},{"taxonomy":"post_tag","embeddable":true,"href":"https:\/\/centers.ulbsibiu.ro\/ccsprise\/lact\/wp-json\/wp\/v2\/tags?post=6084"}],"curies":[{"name":"wp","href":"https:\/\/api.w.org\/{rel}","templated":true}]}}