{"id":6080,"date":"2019-03-15T20:01:38","date_gmt":"2019-03-15T18:01:38","guid":{"rendered":"https:\/\/centers.ulbsibiu.ro\/ccsprise\/lact\/?p=6080"},"modified":"2019-03-15T20:01:38","modified_gmt":"2019-03-15T18:01:38","slug":"gov-md-tiraspolul-incearca-sa-si-justifice-posturile-ilegale-din-zona-de-securitate","status":"publish","type":"post","link":"https:\/\/centers.ulbsibiu.ro\/ccsprise\/lact\/gov-md-tiraspolul-incearca-sa-si-justifice-posturile-ilegale-din-zona-de-securitate\/","title":{"rendered":"Gov.md &#8211; Tiraspolul \u00eencearc\u0103 s\u0103-\u0219i \u201ejustifice\u201d posturile ilegale din Zona de Securitate"},"content":{"rendered":"<p>La \u0219edin\u021ba Comisiei Unificate de Control (CUC) din 14 martie 2019 Delega\u021bia Republicii Moldova \u0219i-a continuat eforturile pentru a include \u00een agend\u0103 problema legat\u0103 de posturile \u201egr\u0103nicere\u0219ti\u201d instalate ilegal \u00een Zona de Securitate de c\u0103tre partea transnistrean\u0103.<\/p>\n<p>\u00cen <a href=\"https:\/\/gov.md\/sites\/default\/files\/declaratia_posturi_graniceri.pdf\" target=\"_blank\" rel=\"noopener\">declara\u021bia<\/a> delega\u021biei noastre, dar \u0219i \u00een lu\u0103rile de cuv\u00e2nt ale reprezentan\u021bilor Republicii Moldova s-a notat caracterul ilegal \u0219i militar al for\u021belor \u201egr\u0103nicere\u0219ti\u201d. Pe l\u00e2ng\u0103 faptul c\u0103 prezen\u021ba acestora contravine Acordului moldo-rus din 21 iulie 1992 (document principal al procesului de negocieri \u0219i al opera\u021biunii de pacificare), acestea \u00eempiedic\u0103 libera circula\u021bie a persoanelor \u0219i m\u0103rfurilor, oamenii fiind intimida\u021bi \u0219i supu\u0219i unor proceduri ilegale de verificare, de \u00eenregistrare \u0219i de impunere la pl\u0103\u021bi neprev\u0103zute.<\/p>\n<p>Exponen\u021bii Tiraspolului \u00een Comisie s-au opus \u0219i de aceast\u0103 dat\u0103 lu\u0103rii unei decizii asupra posturilor \u0219i au \u00eencercat s\u0103 promoveze ideea c\u0103 aceste forma\u021biuni armate ar avea rolul de prevenire a relans\u0103rii conflictului armat.<\/p>\n<p>Pozi\u021bia delega\u021biei Federa\u021biei Ruse a fost formulat\u0103 de copre\u0219edintele Comisiei Ilia Uvarov, care a men\u021bionat c\u0103 percepe posturile \u201egr\u0103nicere\u0219ti\u201d drept o realitate \u0219i nu vede \u00een acestea un factor de limitare a dreptului la libertatea circula\u021biei.<\/p>\n<p>\u00cen cadrul aceleia\u0219i \u0219edin\u021be, a fost blocat\u0103 \u0219i propunerea delega\u021biei moldovene\u0219ti de a pune \u00een aplicare o decizie a Comisiei luat\u0103 \u00eenc\u0103 \u00een martie 2008, prin care observatorii militari ai For\u021belor Mixte de Pacificare s\u0103 viziteze toate obiectivele militare din Zona de Securitate, pentru a cunoa\u0219te care este cu adev\u0103rat situa\u021bia \u0219i a evalua riscurile unor eventuale escalad\u0103ri ale situa\u021biei.<\/p>\n<p>La reuniune, au fost aduse la cuno\u0219tin\u021b\u0103 evolu\u021biile \u00eenregistrate \u00een activitatea grupurilor de lucru coordonate de reprezentan\u021bii Ucrainei \u0219i ai Misiunii OSCE \u00een Republica Moldova delega\u021bi \u00een Comisia Unificat\u0103 de Control. Astfel, \u00een cadrul grupului privind posturile de pacificare au fost definitivate sarcinile pentru Comandamentul Militar \u00centrunit care va\u00a0 acumula \u0219i va prezenta p\u00e2n\u0103 la data de 9 aprilie 2019 materialele care s\u0103 permit\u0103 examinarea circumstan\u021belor amplas\u0103rii unilaterale de c\u0103tre partea transnistrean\u0103 a postului din localitatea Zagornoe.<\/p>\n<p>\u00cen Raportul privind situa\u021bia \u00een Zona de Securitate pentru 6-12 martie curent prezentat de Comandamentul Militar \u00centrunit au fost fixate 3 cazuri de depistare a muni\u021biilor din perioada celui de-al Doilea R\u0103zboi Mondial. Asemenea muni\u021bii au fost g\u0103site \u00een sol \u00een timpul efectu\u0103rii lucr\u0103rilor agricole \u00een gospod\u0103riile din localit\u0103\u021bile Dub\u0103sari, \u0218erpeni \u0219i Chi\u021bcani, au fost evacuate de la fa\u021ba locului \u0219i urmeaz\u0103 a fi distruse \u00een modul stabilit sub controlul For\u021belor Mixte de Pacificare.<\/p>\n<p>&nbsp;<\/p>\n<p><strong>Delega\u021bia Republicii Moldova \u00een\u00a0Comisia Unificat\u0103 de Control<\/strong><\/p>\n<p>&nbsp;<\/p>\n<p>Sursa:\u00a0<a href=\"https:\/\/gov.md\/ro\/content\/tiraspolul-incearca-sa-si-justifice-posturile-ilegale-din-zona-de-securitate\">https:\/\/gov.md\/<\/a><\/p>\n","protected":false},"excerpt":{"rendered":"<p>La \u0219edin\u021ba Comisiei Unificate de Control (CUC) din 14 martie 2019 Delega\u021bia Republicii Moldova \u0219i-a continuat eforturile pentru a include \u00een agend\u0103 problema legat\u0103 de posturile \u201egr\u0103nicere\u0219ti\u201d instalate ilegal \u00een Zona de Securitate de c\u0103tre partea transnistrean\u0103. \u00cen declara\u021bia delega\u021biei noastre, dar \u0219i \u00een lu\u0103rile de cuv\u00e2nt ale reprezentan\u021bilor Republicii Moldova s-a notat caracterul ilegal&#8230;<\/p>\n","protected":false},"author":2,"featured_media":0,"comment_status":"closed","ping_status":"open","sticky":false,"template":"","format":"standard","meta":[],"categories":[1],"tags":[],"_links":{"self":[{"href":"https:\/\/centers.ulbsibiu.ro\/ccsprise\/lact\/wp-json\/wp\/v2\/posts\/6080"}],"collection":[{"href":"https:\/\/centers.ulbsibiu.ro\/ccsprise\/lact\/wp-json\/wp\/v2\/posts"}],"about":[{"href":"https:\/\/centers.ulbsibiu.ro\/ccsprise\/lact\/wp-json\/wp\/v2\/types\/post"}],"author":[{"embeddable":true,"href":"https:\/\/centers.ulbsibiu.ro\/ccsprise\/lact\/wp-json\/wp\/v2\/users\/2"}],"replies":[{"embeddable":true,"href":"https:\/\/centers.ulbsibiu.ro\/ccsprise\/lact\/wp-json\/wp\/v2\/comments?post=6080"}],"version-history":[{"count":1,"href":"https:\/\/centers.ulbsibiu.ro\/ccsprise\/lact\/wp-json\/wp\/v2\/posts\/6080\/revisions"}],"predecessor-version":[{"id":6081,"href":"https:\/\/centers.ulbsibiu.ro\/ccsprise\/lact\/wp-json\/wp\/v2\/posts\/6080\/revisions\/6081"}],"wp:attachment":[{"href":"https:\/\/centers.ulbsibiu.ro\/ccsprise\/lact\/wp-json\/wp\/v2\/media?parent=6080"}],"wp:term":[{"taxonomy":"category","embeddable":true,"href":"https:\/\/centers.ulbsibiu.ro\/ccsprise\/lact\/wp-json\/wp\/v2\/categories?post=6080"},{"taxonomy":"post_tag","embeddable":true,"href":"https:\/\/centers.ulbsibiu.ro\/ccsprise\/lact\/wp-json\/wp\/v2\/tags?post=6080"}],"curies":[{"name":"wp","href":"https:\/\/api.w.org\/{rel}","templated":true}]}}