{"id":6078,"date":"2019-03-14T20:29:44","date_gmt":"2019-03-14T18:29:44","guid":{"rendered":"https:\/\/centers.ulbsibiu.ro\/ccsprise\/lact\/?p=6078"},"modified":"2019-03-14T20:29:44","modified_gmt":"2019-03-14T18:29:44","slug":"deschide-md-separatistii-transnistreni-suporta-pierderi-financiare-scad-incasarile-din-exporturi","status":"publish","type":"post","link":"https:\/\/centers.ulbsibiu.ro\/ccsprise\/lact\/deschide-md-separatistii-transnistreni-suporta-pierderi-financiare-scad-incasarile-din-exporturi\/","title":{"rendered":"Deschide.md &#8211; Separati\u0219tii transnistreni suport\u0103 pierderi financiare. Scad \u00eencas\u0103rile din exporturi"},"content":{"rendered":"<p>\u00cen primele dou\u0103 luni ale anului 2019, exporturile din regiunea transnistrean\u0103 au sc\u0103zut cu 16,85%, p\u00e2n\u0103 la 83,7 milioane de dolari SUA (\u00een 2018 aceastea au constituit 100,7 miliane de dolari). Despre acest lucru anun\u021b\u0103 agen\u021bia Infotag cu referire la a\u0219a-zisul Comitet vamal au autoproclamatei RMN.<br \/>\nPotrivit sursei citate, cele mai mari exporturi au fost asigurate de produsele alimentare \u015fi materiile prime \u2013 $28,4 mil., a c\u0103ror produc\u0163ie s-a majorat cu 49%. Acestea au plasat pe locul doi metalele \u015fi produsele metalice, care au \u00eenregistrat o sc\u0103dere de 58%, p\u00e2n\u0103 la $21,4 mil.<br \/>\nPe locul trei se afl\u0103 resursele energetice \u015fi de combustibil \u2013 $18,6 mil. (+22%). \u00cen special este vorba de energia electric\u0103 de la Centrala de la Cuciurgan, livrat\u0103 Moldovei.<br \/>\nCel mai mare partener comercial al Transnistriei este Rusia, cu care regiunea a \u00eenregistrat un schimb comercial de $114,2 mil. (+23,2%). Importurile din Rusia s-au majorat cu aproape 30% \u015fi au constituit $103,7 mil., iar exporturile \u00een aceast\u0103 \u0163ar\u0103 au \u00eensumat $10,5 mil, \u00een sc\u0103dere cu circa 15% fa\u021b\u0103 de 2018.<br \/>\nPe locul doi se afl\u0103 Ucraina \u2013 $42,2 mil. (-19%), iar pe trei se afl\u0103 Moldova cu $40,8 mil. (+23,1%).<\/p>\n<p>Sursa:\u00a0<a href=\"https:\/\/deschide.md\/ro\/stiri\/social\/45755\/Separati\u0219tii-transnistreni-suport\u0103-pierderi-financiare-Scad-\u00eencas\u0103rile-din-exporturi.htm\">https:\/\/deschide.md\/<\/a><\/p>\n","protected":false},"excerpt":{"rendered":"<p>\u00cen primele dou\u0103 luni ale anului 2019, exporturile din regiunea transnistrean\u0103 au sc\u0103zut cu 16,85%, p\u00e2n\u0103 la 83,7 milioane de dolari SUA (\u00een 2018 aceastea au constituit 100,7 miliane de dolari). Despre acest lucru anun\u021b\u0103 agen\u021bia Infotag cu referire la a\u0219a-zisul Comitet vamal au autoproclamatei RMN. Potrivit sursei citate, cele mai mari exporturi au fost&#8230;<\/p>\n","protected":false},"author":2,"featured_media":0,"comment_status":"closed","ping_status":"open","sticky":false,"template":"","format":"standard","meta":[],"categories":[1],"tags":[],"_links":{"self":[{"href":"https:\/\/centers.ulbsibiu.ro\/ccsprise\/lact\/wp-json\/wp\/v2\/posts\/6078"}],"collection":[{"href":"https:\/\/centers.ulbsibiu.ro\/ccsprise\/lact\/wp-json\/wp\/v2\/posts"}],"about":[{"href":"https:\/\/centers.ulbsibiu.ro\/ccsprise\/lact\/wp-json\/wp\/v2\/types\/post"}],"author":[{"embeddable":true,"href":"https:\/\/centers.ulbsibiu.ro\/ccsprise\/lact\/wp-json\/wp\/v2\/users\/2"}],"replies":[{"embeddable":true,"href":"https:\/\/centers.ulbsibiu.ro\/ccsprise\/lact\/wp-json\/wp\/v2\/comments?post=6078"}],"version-history":[{"count":1,"href":"https:\/\/centers.ulbsibiu.ro\/ccsprise\/lact\/wp-json\/wp\/v2\/posts\/6078\/revisions"}],"predecessor-version":[{"id":6079,"href":"https:\/\/centers.ulbsibiu.ro\/ccsprise\/lact\/wp-json\/wp\/v2\/posts\/6078\/revisions\/6079"}],"wp:attachment":[{"href":"https:\/\/centers.ulbsibiu.ro\/ccsprise\/lact\/wp-json\/wp\/v2\/media?parent=6078"}],"wp:term":[{"taxonomy":"category","embeddable":true,"href":"https:\/\/centers.ulbsibiu.ro\/ccsprise\/lact\/wp-json\/wp\/v2\/categories?post=6078"},{"taxonomy":"post_tag","embeddable":true,"href":"https:\/\/centers.ulbsibiu.ro\/ccsprise\/lact\/wp-json\/wp\/v2\/tags?post=6078"}],"curies":[{"name":"wp","href":"https:\/\/api.w.org\/{rel}","templated":true}]}}