{"id":6072,"date":"2019-03-14T20:20:37","date_gmt":"2019-03-14T18:20:37","guid":{"rendered":"https:\/\/centers.ulbsibiu.ro\/ccsprise\/lact\/?p=6072"},"modified":"2019-03-14T20:20:37","modified_gmt":"2019-03-14T18:20:37","slug":"gov-md-intrevederea-viceprim-ministrului-cristina-lesnic-cu-seful-misiunii-osce-in-republica-moldova-claus-neukirch-2","status":"publish","type":"post","link":"https:\/\/centers.ulbsibiu.ro\/ccsprise\/lact\/gov-md-intrevederea-viceprim-ministrului-cristina-lesnic-cu-seful-misiunii-osce-in-republica-moldova-claus-neukirch-2\/","title":{"rendered":"Gov.md &#8211; \u00centrevederea Viceprim-ministrului Cristina Lesnic cu \u0218eful Misiunii OSCE \u00een Republica Moldova Claus Neukirch"},"content":{"rendered":"<p>Ast\u0103zi, 14 martie curent, Viceprim-ministrul pentru reintegrare, Cristina Lesnic a avut prima \u00eentrevedere din acest an cu \u0218eful Misiunii OSCE \u00een Republica Moldova, Claus Neukirch. La \u0219edin\u021b\u0103 au mai participat reprezentan\u021bi ai Biroului politici de reintegrare, precum \u0219i ai Ministerului Afacerilor Externe \u0219i Integr\u0103rii Europene.<\/p>\n<p>Dialogul oficialilor s-a focusat pe o serie de subiecte curente legate de problematica transnistrean\u0103, precum \u0219i pe necesitatea asigur\u0103rii unei sustenabilit\u0103\u021bi a dialogului \u00een cadrul grupurilor de lucru sectoriale \u0219i a formatului de negocieri ,,1+1\u201d \u00een vederea solu\u021bion\u0103rii problemelor existente.<\/p>\n<p>Printre temele de discu\u021bii au figurat aspecte ce \u021bin de activitatea punctelor de \u00eenmatriculare a mijloacelor de transport (P\u00ceMT) din or. R\u00e2bni\u0163a \u0219i Tiraspol \u0219i procesul de implementare a Deciziei protocolare din 24 aprilie 2018, organizarea interac\u021biunii \u00een sfera telecomunica\u021biilor, activitatea \u0219colilor cu predare \u00een limba rom\u00e2n\u0103 din regiunea transnistrean\u0103, evolu\u021bii pe dosarul terenurilor agricole din raionul Dub\u0103sari, situa\u021bia legat\u0103 de importul de medicamente \u00een raioanele de est ale \u021b\u0103rii, proceduri ce \u021bin de evacuarea unor de\u0219euri \u0219i instala\u021bii radioactive din regiune, cerin\u021be referitor la asigurarea protec\u021biei datelor cu caracter personal \u0219.a.<\/p>\n<p>Vicepremierul Cristina Lesnic a informat despre faptul c\u0103 Chi\u0219in\u0103ul a propus convocarea pe 18 martie curent a unei noi \u0219edin\u021be a grupurilor de lucru pentru dezvoltarea transportului auto \u0219i infrastructurii drumurilor pentru a analiza dinamica \u0219i situa\u021bia referitoare la documentarea \u0219i \u00eenmatricularea autovehiculelor cu numere neutre pentru 6 luni de activitate a P\u00ceMT, precum \u0219i a accentuat c\u0103 mizeaz\u0103 \u0219i \u00een continuare pe suportul Misiunii OSCE \u00eentru definitivarea expertizei tehnice \u0219i renovarea infrastructurii podului dintre satele Gura B\u00e2cului \u0219i B\u00e2cioc, dar \u0219i \u00een solu\u021bionarea unor probleme stringente cu care se confrunt\u0103 locuitorii de pe ambele maluri ale Nistrului.<\/p>\n<p>Totodat\u0103, a fost reiterat regretul \u00een leg\u0103tur\u0103 cu recentele ac\u021biuni provocatoare ale Tiraspolului (semnarea a\u0219a-numitelor acte ce vizeaz\u0103 s.Varni\u021ba \u0219i localit\u0103\u021bile din raionul Dub\u0103sari, amplasate pe malul st\u00e2ng al Nistrului, deschiderea ,,reprezentan\u021bei\u201d de la Moscova) \u0219i a fost exprimat \u00een mod repetat mesajul c\u0103 partea moldoveneasc\u0103 mizeaz\u0103 pe anularea a\u0219a-numitelor documente din 19 octombrie 2018 \u0219i din 25 ianuarie 2019, clarificarea statutului pretinsei reprezentan\u021be a Tiraspolului, renun\u021barea la m\u0103surile cu caracter unilateral ce lezeaz\u0103 drepturile fundamentale ale cet\u0103\u021benilor \u0219i pe revenirea dialogului \u00een albia normalit\u0103\u021bii, fiind exprimat\u0103 speran\u021ba c\u0103 Misiunea OSCE va avea o contribu\u021bie productiv\u0103 \u00een acest sens.<\/p>\n<p>Sursa:\u00a0<a href=\"https:\/\/gov.md\/ro\/content\/intrevederea-viceprim-ministrului-cristina-lesnic-cu-seful-misiunii-osce-republica-moldova-9\">https:\/\/gov.md\/<\/a><\/p>\n","protected":false},"excerpt":{"rendered":"<p>Ast\u0103zi, 14 martie curent, Viceprim-ministrul pentru reintegrare, Cristina Lesnic a avut prima \u00eentrevedere din acest an cu \u0218eful Misiunii OSCE \u00een Republica Moldova, Claus Neukirch. La \u0219edin\u021b\u0103 au mai participat reprezentan\u021bi ai Biroului politici de reintegrare, precum \u0219i ai Ministerului Afacerilor Externe \u0219i Integr\u0103rii Europene. Dialogul oficialilor s-a focusat pe o serie de subiecte curente&#8230;<\/p>\n","protected":false},"author":2,"featured_media":0,"comment_status":"closed","ping_status":"open","sticky":false,"template":"","format":"standard","meta":[],"categories":[1],"tags":[],"_links":{"self":[{"href":"https:\/\/centers.ulbsibiu.ro\/ccsprise\/lact\/wp-json\/wp\/v2\/posts\/6072"}],"collection":[{"href":"https:\/\/centers.ulbsibiu.ro\/ccsprise\/lact\/wp-json\/wp\/v2\/posts"}],"about":[{"href":"https:\/\/centers.ulbsibiu.ro\/ccsprise\/lact\/wp-json\/wp\/v2\/types\/post"}],"author":[{"embeddable":true,"href":"https:\/\/centers.ulbsibiu.ro\/ccsprise\/lact\/wp-json\/wp\/v2\/users\/2"}],"replies":[{"embeddable":true,"href":"https:\/\/centers.ulbsibiu.ro\/ccsprise\/lact\/wp-json\/wp\/v2\/comments?post=6072"}],"version-history":[{"count":1,"href":"https:\/\/centers.ulbsibiu.ro\/ccsprise\/lact\/wp-json\/wp\/v2\/posts\/6072\/revisions"}],"predecessor-version":[{"id":6073,"href":"https:\/\/centers.ulbsibiu.ro\/ccsprise\/lact\/wp-json\/wp\/v2\/posts\/6072\/revisions\/6073"}],"wp:attachment":[{"href":"https:\/\/centers.ulbsibiu.ro\/ccsprise\/lact\/wp-json\/wp\/v2\/media?parent=6072"}],"wp:term":[{"taxonomy":"category","embeddable":true,"href":"https:\/\/centers.ulbsibiu.ro\/ccsprise\/lact\/wp-json\/wp\/v2\/categories?post=6072"},{"taxonomy":"post_tag","embeddable":true,"href":"https:\/\/centers.ulbsibiu.ro\/ccsprise\/lact\/wp-json\/wp\/v2\/tags?post=6072"}],"curies":[{"name":"wp","href":"https:\/\/api.w.org\/{rel}","templated":true}]}}