{"id":6070,"date":"2019-03-13T19:01:19","date_gmt":"2019-03-13T17:01:19","guid":{"rendered":"https:\/\/centers.ulbsibiu.ro\/ccsprise\/lact\/?p=6070"},"modified":"2019-03-13T19:01:19","modified_gmt":"2019-03-13T17:01:19","slug":"noi-md-un-festival-ortodox-de-amploare-va-fi-organizat-in-transnistria","status":"publish","type":"post","link":"https:\/\/centers.ulbsibiu.ro\/ccsprise\/lact\/noi-md-un-festival-ortodox-de-amploare-va-fi-organizat-in-transnistria\/","title":{"rendered":"Noi.md &#8211; Un festival ortodox de amploare va fi organizat \u00een Transnistria"},"content":{"rendered":"<p>\u00cen Transnistria, \u00een a doua zi dup\u0103 s\u0103rb\u0103toarea Pa\u0219telui, urmeaz\u0103 s\u0103 fie organizat un festival ortodox de amploare \u00een Parcul \u201eAleksandr Nevski\u201d din Bender, dar \u015fi festivit\u0103\u021bi pascale pe alte terenuri din ora\u0219ele \u0219i raioanele regiunii, transmite Noi.md.Cu o asemenea ini\u021biativ\u0103 a venit pre\u0219edintele autoproclamatei Republici Moldovene\u0219ti Nistrene, Vadim Krasnoselski, \u00een cadrul \u00eentrevederii sale cu \u00eent\u00eei-st\u0103t\u0103torul Eparhiei de Tiraspol \u015fi Dub\u0103sari, Vl\u0103dica Sava.<\/p>\n<p>\u00cen centrul discu\u021biilor dintre cei doi a fost promovarea credin\u021bei ortodoxe \u0219i consolidarea oamenilor \u00een jurul tradi\u021biilor cre\u0219tine. P\u0103r\u021bile au discutat despre festivit\u0103\u021bile de Pa\u0219te, programate pentru perioada 29 aprilie &#8211; a doua zi de Pa\u0219ti.<\/p>\n<p>\u00cen opinia lui Vadim Krasnoselski s\u0103rb\u0103torile biserice\u0219ti, activ marcate de locuitorii Transnistriei, nu ar trebui s\u0103 r\u0103m\u00een\u0103 \u00een afara planului evenimentelor culturale \u00een mas\u0103.<\/p>\n<p>Liderul autoprpoclamatei Republici Moldovene\u0219ti Nistrene a propus organizarea unui festival ortodox de amploare \u00een Parcul \u201eAleksandr Nevski\u201d din Bender, precum \u0219i a festivit\u0103\u021bilor pascale \u00een alte locuri din ora\u0219ele \u0219i raioanele din regiune.<\/p>\n<p>Vadim Krasnoselski i-a solicitat Vl\u0103dic\u0103i Sava asisten\u021b\u0103 eparhial\u0103, men\u021bion\u00eend c\u0103 \u00een cadrul preg\u0103tirilor ar trebui s\u0103 se \u0163in\u0103 cont de toate canoanele \u0219i tradi\u021biile biserice\u0219ti. Arhiepiscopul a acceptat cu mult interes ini\u021biativa. Planul scenariului va fi elaborat de c\u0103tre organizatori \u00een str\u00eens\u0103 colaborare cu clerul \u0219i administra\u021bia Eparhiei de Tiraspol \u015fi Dub\u0103sari.<\/p>\n<p>Cite\u0219te mai mult: <a href=\"https:\/\/noi.md\/md\/transnistria\/un-festival-ortodox-de-amploare-va-fi-organizat-in-transnistria\">https:\/\/noi.md\/md\/transnistria\/un-festival-ortodox-de-amploare-va-fi-organizat-in-transnistria<\/a><br \/>\nFacebook: <a href=\"https:\/\/www.facebook.com\/NOI.md\/\">NOI.md<\/a> | Odnoklassniki: <a href=\"https:\/\/www.ok.ru\/noi.moldova\">Noi.Moldova<\/a><\/p>\n","protected":false},"excerpt":{"rendered":"<p>\u00cen Transnistria, \u00een a doua zi dup\u0103 s\u0103rb\u0103toarea Pa\u0219telui, urmeaz\u0103 s\u0103 fie organizat un festival ortodox de amploare \u00een Parcul \u201eAleksandr Nevski\u201d din Bender, dar \u015fi festivit\u0103\u021bi pascale pe alte terenuri din ora\u0219ele \u0219i raioanele regiunii, transmite Noi.md.Cu o asemenea ini\u021biativ\u0103 a venit pre\u0219edintele autoproclamatei Republici Moldovene\u0219ti Nistrene, Vadim Krasnoselski, \u00een cadrul \u00eentrevederii sale cu&#8230;<\/p>\n","protected":false},"author":2,"featured_media":0,"comment_status":"closed","ping_status":"open","sticky":false,"template":"","format":"standard","meta":[],"categories":[1],"tags":[],"_links":{"self":[{"href":"https:\/\/centers.ulbsibiu.ro\/ccsprise\/lact\/wp-json\/wp\/v2\/posts\/6070"}],"collection":[{"href":"https:\/\/centers.ulbsibiu.ro\/ccsprise\/lact\/wp-json\/wp\/v2\/posts"}],"about":[{"href":"https:\/\/centers.ulbsibiu.ro\/ccsprise\/lact\/wp-json\/wp\/v2\/types\/post"}],"author":[{"embeddable":true,"href":"https:\/\/centers.ulbsibiu.ro\/ccsprise\/lact\/wp-json\/wp\/v2\/users\/2"}],"replies":[{"embeddable":true,"href":"https:\/\/centers.ulbsibiu.ro\/ccsprise\/lact\/wp-json\/wp\/v2\/comments?post=6070"}],"version-history":[{"count":1,"href":"https:\/\/centers.ulbsibiu.ro\/ccsprise\/lact\/wp-json\/wp\/v2\/posts\/6070\/revisions"}],"predecessor-version":[{"id":6071,"href":"https:\/\/centers.ulbsibiu.ro\/ccsprise\/lact\/wp-json\/wp\/v2\/posts\/6070\/revisions\/6071"}],"wp:attachment":[{"href":"https:\/\/centers.ulbsibiu.ro\/ccsprise\/lact\/wp-json\/wp\/v2\/media?parent=6070"}],"wp:term":[{"taxonomy":"category","embeddable":true,"href":"https:\/\/centers.ulbsibiu.ro\/ccsprise\/lact\/wp-json\/wp\/v2\/categories?post=6070"},{"taxonomy":"post_tag","embeddable":true,"href":"https:\/\/centers.ulbsibiu.ro\/ccsprise\/lact\/wp-json\/wp\/v2\/tags?post=6070"}],"curies":[{"name":"wp","href":"https:\/\/api.w.org\/{rel}","templated":true}]}}