{"id":6068,"date":"2019-03-13T18:58:20","date_gmt":"2019-03-13T16:58:20","guid":{"rendered":"https:\/\/centers.ulbsibiu.ro\/ccsprise\/lact\/?p=6068"},"modified":"2019-03-13T18:58:20","modified_gmt":"2019-03-13T16:58:20","slug":"gov-md-despre-sedinta-grupurilor-de-lucru-pentru-drepturile-omului","status":"publish","type":"post","link":"https:\/\/centers.ulbsibiu.ro\/ccsprise\/lact\/gov-md-despre-sedinta-grupurilor-de-lucru-pentru-drepturile-omului\/","title":{"rendered":"Gov.md &#8211; Despre \u0219edin\u021ba grupurilor de lucru pentru drepturile omului"},"content":{"rendered":"<p>Ast\u0103zi, 13 martie, la sediul din or.Tiraspol al Misiunii OSCE \u00een Moldova, a avut loc \u0219edin\u021ba grupurilor de lucru pentru drepturile omului, cu participarea exper\u021bilor sectoriali de pe ambele maluri ale Nistrului, precum \u0219i a reprezentan\u021bilor mediatorilor \u0219i observatorilor \u00een formatul de negocieri \u201e5+2\u201d. Delega\u021bia Chi\u0219in\u0103ului a fost condus\u0103 de secretarul general de stat al Ministerului Justi\u021biei Anatolie Munteanu. La reuniune au luat parte, de asemenea, Avocatul poporului pentru protec\u021bia drepturilor copilului, reprezentan\u021bi ai Centrului Interna\u021bional \u201eLa strada\u201d, Procuraturii Generale \u0219i ai Ministerului Afacerilor Interne.<\/p>\n<p>Potrivit agendei stabilite anterior, subiectul discu\u021biei s-a axat pe mecanismele de asigurare a siguran\u021bei minorilor \u00een mediul on-line, inclusiv prin prisma Conven\u021biei Consiliului Europei pentru protec\u021bia copiilor\u00eempotriva exploat\u0103rii sexuale \u015fi a abuzurilor sexuale (Lanzarote, 2007), ratificat\u0103 de Republica Moldova la 19 decembrie 2011. S-a subliniat c\u0103 problema de promovare a unui mediu digital sigur pentru copii este actual\u0103 pe ambele maluri ale Nistrului, iar \u00een acest sens legisla\u021bia Republicii Moldova ofer\u0103 proceduri eficiente de identificare \u0219i de investigare a cazurilor de abuz asupra copiilor \u00een re\u021beaua global\u0103 Internet.<\/p>\n<p>Sursa: <a href=\"https:\/\/gov.md\/ro\/content\/despre-sedinta-grupurilor-de-lucru-pentru-drepturile-omului\">https:\/\/gov.md\/<\/a><\/p>\n","protected":false},"excerpt":{"rendered":"<p>Ast\u0103zi, 13 martie, la sediul din or.Tiraspol al Misiunii OSCE \u00een Moldova, a avut loc \u0219edin\u021ba grupurilor de lucru pentru drepturile omului, cu participarea exper\u021bilor sectoriali de pe ambele maluri ale Nistrului, precum \u0219i a reprezentan\u021bilor mediatorilor \u0219i observatorilor \u00een formatul de negocieri \u201e5+2\u201d. Delega\u021bia Chi\u0219in\u0103ului a fost condus\u0103 de secretarul general de stat al&#8230;<\/p>\n","protected":false},"author":2,"featured_media":0,"comment_status":"closed","ping_status":"open","sticky":false,"template":"","format":"standard","meta":[],"categories":[1],"tags":[],"_links":{"self":[{"href":"https:\/\/centers.ulbsibiu.ro\/ccsprise\/lact\/wp-json\/wp\/v2\/posts\/6068"}],"collection":[{"href":"https:\/\/centers.ulbsibiu.ro\/ccsprise\/lact\/wp-json\/wp\/v2\/posts"}],"about":[{"href":"https:\/\/centers.ulbsibiu.ro\/ccsprise\/lact\/wp-json\/wp\/v2\/types\/post"}],"author":[{"embeddable":true,"href":"https:\/\/centers.ulbsibiu.ro\/ccsprise\/lact\/wp-json\/wp\/v2\/users\/2"}],"replies":[{"embeddable":true,"href":"https:\/\/centers.ulbsibiu.ro\/ccsprise\/lact\/wp-json\/wp\/v2\/comments?post=6068"}],"version-history":[{"count":1,"href":"https:\/\/centers.ulbsibiu.ro\/ccsprise\/lact\/wp-json\/wp\/v2\/posts\/6068\/revisions"}],"predecessor-version":[{"id":6069,"href":"https:\/\/centers.ulbsibiu.ro\/ccsprise\/lact\/wp-json\/wp\/v2\/posts\/6068\/revisions\/6069"}],"wp:attachment":[{"href":"https:\/\/centers.ulbsibiu.ro\/ccsprise\/lact\/wp-json\/wp\/v2\/media?parent=6068"}],"wp:term":[{"taxonomy":"category","embeddable":true,"href":"https:\/\/centers.ulbsibiu.ro\/ccsprise\/lact\/wp-json\/wp\/v2\/categories?post=6068"},{"taxonomy":"post_tag","embeddable":true,"href":"https:\/\/centers.ulbsibiu.ro\/ccsprise\/lact\/wp-json\/wp\/v2\/tags?post=6068"}],"curies":[{"name":"wp","href":"https:\/\/api.w.org\/{rel}","templated":true}]}}