{"id":6066,"date":"2019-03-12T17:45:46","date_gmt":"2019-03-12T15:45:46","guid":{"rendered":"https:\/\/centers.ulbsibiu.ro\/ccsprise\/lact\/?p=6066"},"modified":"2019-03-12T17:45:46","modified_gmt":"2019-03-12T15:45:46","slug":"infotag-md-cartea-istoria-transnistriei-va-fi-scrisa-de-un-alt-colectiv-de-autori","status":"publish","type":"post","link":"https:\/\/centers.ulbsibiu.ro\/ccsprise\/lact\/infotag-md-cartea-istoria-transnistriei-va-fi-scrisa-de-un-alt-colectiv-de-autori\/","title":{"rendered":"Infotag.md &#8211; CARTEA \u201eISTORIA TRANSNISTRIEI\u201d VA FI SCRIS\u0102 DE UN ALT COLECTIV DE AUTORI"},"content":{"rendered":"<p>Pre\u0219edintele autoproclamatei RMN, Vadim Krasnoselski, a dispus s\u0103 fie adunat\u0103 o nou\u0103 echip\u0103 care s\u0103 creeze monografia \u201eIstoria Transnistriei\u201d \u00een patru volume, care \u201etrebuie s\u0103 fie publicat\u0103 cel t\u00e2rziu \u00een prim\u0103vara anului 2020\u201d.<\/p>\n<p>Potrivit agen\u0163iei INFOTAG cu referire la site-ul liderului de la Tiraspol, despre aceasta el a declarat luni, la \u00eentrevederea cu vicepre\u015fedintele guvernului, Alexei \u0162urcan, subliniind c\u0103 \u201ep\u00e2n\u0103 \u00een septembrie, c\u00e2nd se marcheaz\u0103 30 de ani de la \u00eenfiin\u021barea RMN, produsul de calitate trebuie s\u0103 fie deja gata\u201d.<br \/>\nKrasnoselski a reamintit c\u0103, \u00een 2015, la ini\u021biativa sa, pe c\u00e2nd \u00eenc\u0103 era pre\u0219edinte al Sovietului Suprem, organul legislativ a comandat preg\u0103tirea pentru publicarea c\u0103r\u021bii \u00een patru volume.<br \/>\n\u201eIstoria fundamental\u0103 este acela\u0219i simbol al statului ca \u015fi stema, drapelul \u0219i imnul. Necunoa\u015fterea istoriei proprii este primul pas spre pierderea statalit\u0103\u021bii. Statalitatea transnistrean\u0103 are 28 de ani, dar mul\u021bi tineri nu cunosc ast\u0103zi fundamentele sale. Dac\u0103 vrem ca republica s\u0103 fie recunoscut\u0103 interna\u021bional, trebuie s\u0103 \u0219tim de ce avem dreptul la aceasta\u201d, a spus el.<br \/>\nScrierea monografiei a fost comandat\u0103 unui laborator de cercetare specializat, condus de Nikolai Babilunga de la Universitatea Transnistrean\u0103. La sf\u00e2r\u0219itul anului 2018, autorii au prezentat textul a trei volume, \u00eens\u0103 dup\u0103 studierea con\u021binutului manuscrisului de o mie de pagini, membrii comisiei au ajuns la concluzia c\u0103 \u201eprocentul de informa\u021bii noi \u0219i de originalitate a textului este foarte mic\u201d.<br \/>\n\u201eVolumul al treilea aproape c\u0103 reproduce complet informa\u021biile prezentate \u00een edi\u021biile anterioare. \u00cen plus, acesta nu reflect\u0103 perioada de timp declarat\u0103: se presupunea c\u0103 cel de-al treilea volum va fi dedicat evenimentelor care au avut loc \u00een \u021bar\u0103 \u0219i \u00een preajma ei p\u00e2n\u0103 \u00een anul 2000. Dar manuscrisul s-a \u00eencheiat la anul 1992\u201d, l-a informat \u0162urcan pe pre\u0219edintele transnistrean.<br \/>\nPotrivit lui, opinia membrilor comisiei este unanim\u0103: \u201eactivitatea laboratorului care a \u00eenceput s\u0103 scrie monografia a fost recunoscut\u0103 drept ineficient\u0103, se recomand\u0103 rezilierea contractului corespunz\u0103tor \u0219i suspendarea finan\u021b\u0103rii laboratorului \u00een ceea ce prive\u0219te realizarea acestei comenzi\u201d.<br \/>\nKrasnoselski consider\u0103, de asemenea, c\u0103 conducerea laboratorului \u201enu a f\u0103cut fa\u021b\u0103 sarcinii puse \u2013 este nevoie de noi persoane responsabile, care vor accelera munca \u0219i o vor direc\u0163iona \u00een albia corect\u0103\u201d.<br \/>\nEl a subliniat c\u0103 lucrul la monografia \u00een patru volume \u201eIstoria Transnistriei\u201d \u201etrebuie finalizat la timp, chiar dac\u0103 va trebui s\u0103 \u00eenceap\u0103 de la zero\u201d.<\/p>\n<p>Sursa:\u00a0<a href=\"http:\/\/www.infotag.md\/rebelion-ro\/273378\/\">http:\/\/www.infotag.md\/<\/a><\/p>\n","protected":false},"excerpt":{"rendered":"<p>Pre\u0219edintele autoproclamatei RMN, Vadim Krasnoselski, a dispus s\u0103 fie adunat\u0103 o nou\u0103 echip\u0103 care s\u0103 creeze monografia \u201eIstoria Transnistriei\u201d \u00een patru volume, care \u201etrebuie s\u0103 fie publicat\u0103 cel t\u00e2rziu \u00een prim\u0103vara anului 2020\u201d. Potrivit agen\u0163iei INFOTAG cu referire la site-ul liderului de la Tiraspol, despre aceasta el a declarat luni, la \u00eentrevederea cu vicepre\u015fedintele guvernului,&#8230;<\/p>\n","protected":false},"author":2,"featured_media":0,"comment_status":"closed","ping_status":"open","sticky":false,"template":"","format":"standard","meta":[],"categories":[1],"tags":[],"_links":{"self":[{"href":"https:\/\/centers.ulbsibiu.ro\/ccsprise\/lact\/wp-json\/wp\/v2\/posts\/6066"}],"collection":[{"href":"https:\/\/centers.ulbsibiu.ro\/ccsprise\/lact\/wp-json\/wp\/v2\/posts"}],"about":[{"href":"https:\/\/centers.ulbsibiu.ro\/ccsprise\/lact\/wp-json\/wp\/v2\/types\/post"}],"author":[{"embeddable":true,"href":"https:\/\/centers.ulbsibiu.ro\/ccsprise\/lact\/wp-json\/wp\/v2\/users\/2"}],"replies":[{"embeddable":true,"href":"https:\/\/centers.ulbsibiu.ro\/ccsprise\/lact\/wp-json\/wp\/v2\/comments?post=6066"}],"version-history":[{"count":1,"href":"https:\/\/centers.ulbsibiu.ro\/ccsprise\/lact\/wp-json\/wp\/v2\/posts\/6066\/revisions"}],"predecessor-version":[{"id":6067,"href":"https:\/\/centers.ulbsibiu.ro\/ccsprise\/lact\/wp-json\/wp\/v2\/posts\/6066\/revisions\/6067"}],"wp:attachment":[{"href":"https:\/\/centers.ulbsibiu.ro\/ccsprise\/lact\/wp-json\/wp\/v2\/media?parent=6066"}],"wp:term":[{"taxonomy":"category","embeddable":true,"href":"https:\/\/centers.ulbsibiu.ro\/ccsprise\/lact\/wp-json\/wp\/v2\/categories?post=6066"},{"taxonomy":"post_tag","embeddable":true,"href":"https:\/\/centers.ulbsibiu.ro\/ccsprise\/lact\/wp-json\/wp\/v2\/tags?post=6066"}],"curies":[{"name":"wp","href":"https:\/\/api.w.org\/{rel}","templated":true}]}}