{"id":6064,"date":"2019-03-12T17:44:23","date_gmt":"2019-03-12T15:44:23","guid":{"rendered":"https:\/\/centers.ulbsibiu.ro\/ccsprise\/lact\/?p=6064"},"modified":"2019-03-12T17:44:23","modified_gmt":"2019-03-12T15:44:23","slug":"gov-md-intrevederea-cu-directorul-de-tara-al-bancii-mondiale-anna-akhalkatsi","status":"publish","type":"post","link":"https:\/\/centers.ulbsibiu.ro\/ccsprise\/lact\/gov-md-intrevederea-cu-directorul-de-tara-al-bancii-mondiale-anna-akhalkatsi\/","title":{"rendered":"Gov.md &#8211; \u00centrevederea cu Directorul de \u021bar\u0103 al B\u0103ncii Mondiale Anna Akhalkatsi"},"content":{"rendered":"<p>Ast\u0103zi, 12 martie curent, \u0219eful Biroului politici de reintegrare, dl Marian Gherman s-a \u00eent\u00e2lnit cu Directorul de \u021bar\u0103 al B\u0103ncii Mondiale, dna Anna Akhalkatsi, \u00eenso\u021bit\u0103 de un expert din cadrul Corpora\u021biei Financiare Interna\u021bionale, institu\u021bie a Grupului B\u0103ncii Mondiale.<\/p>\n<p>Dialogul s-a concentrat pe experien\u021ba productiv\u0103 a interac\u021biunii dintre Banca Mondial\u0103 \u0219i autorit\u0103\u021bile de profil ale Republicii Moldova \u00een implementarea unor proiecte ce au contribuit la \u00eembun\u0103t\u0103\u021birea la nivel na\u021bional a situa\u021biei din sfera antreprenorial\u0103 \u0219i la eficientizarea\/ modernizarea unor servicii publice prestate \u00een acest sens.<\/p>\n<p>\u00cen context, reprezentan\u021bii B\u0103ncii Mondiale au exprimat disponibilitatea de a promova ini\u021biative menite s\u0103 sporeasc\u0103 transparen\u021ba mediului de afaceri \u0219i \u00een raioanele de est ale \u021b\u0103rii, iar cu aceast\u0103 ocazie \u0219eful Biroului a reiterat obligativitatea ca orice inten\u021bii de proiecte de acest gen s\u0103 fie coordonate la toate etapele de implementare cu institu\u021biile competente ale Republicii Moldova \u0219i cu implicarea \u00een proces a exper\u021bilor sectoriali de pe malul drept al r.Nistru.<\/p>\n<p>\u00cen \u00eencheierea discu\u021biilor, dl Marian Gherman a exprimat mul\u021bumiri pentru buna conlucrare stabilit\u0103 \u00eentre Biroul politici de reintegrare \u0219i Banca Mondial\u0103, precum \u0219i a sugerat asupra necesit\u0103\u021bii men\u021binerii unor contacte permanente, cu efectuarea schimbului de informa\u021bii corespunz\u0103tor \u0219i acordarea reciproc\u0103 a asisten\u021bei necesare.<\/p>\n<p>Sursa:\u00a0<a href=\"https:\/\/gov.md\/ro\/content\/intrevederea-cu-directorul-de-tara-al-bancii-mondiale-anna-akhalkatsi\">https:\/\/gov.md\/<\/a><\/p>\n","protected":false},"excerpt":{"rendered":"<p>Ast\u0103zi, 12 martie curent, \u0219eful Biroului politici de reintegrare, dl Marian Gherman s-a \u00eent\u00e2lnit cu Directorul de \u021bar\u0103 al B\u0103ncii Mondiale, dna Anna Akhalkatsi, \u00eenso\u021bit\u0103 de un expert din cadrul Corpora\u021biei Financiare Interna\u021bionale, institu\u021bie a Grupului B\u0103ncii Mondiale. Dialogul s-a concentrat pe experien\u021ba productiv\u0103 a interac\u021biunii dintre Banca Mondial\u0103 \u0219i autorit\u0103\u021bile de profil ale Republicii&#8230;<\/p>\n","protected":false},"author":2,"featured_media":0,"comment_status":"closed","ping_status":"open","sticky":false,"template":"","format":"standard","meta":[],"categories":[1],"tags":[],"_links":{"self":[{"href":"https:\/\/centers.ulbsibiu.ro\/ccsprise\/lact\/wp-json\/wp\/v2\/posts\/6064"}],"collection":[{"href":"https:\/\/centers.ulbsibiu.ro\/ccsprise\/lact\/wp-json\/wp\/v2\/posts"}],"about":[{"href":"https:\/\/centers.ulbsibiu.ro\/ccsprise\/lact\/wp-json\/wp\/v2\/types\/post"}],"author":[{"embeddable":true,"href":"https:\/\/centers.ulbsibiu.ro\/ccsprise\/lact\/wp-json\/wp\/v2\/users\/2"}],"replies":[{"embeddable":true,"href":"https:\/\/centers.ulbsibiu.ro\/ccsprise\/lact\/wp-json\/wp\/v2\/comments?post=6064"}],"version-history":[{"count":1,"href":"https:\/\/centers.ulbsibiu.ro\/ccsprise\/lact\/wp-json\/wp\/v2\/posts\/6064\/revisions"}],"predecessor-version":[{"id":6065,"href":"https:\/\/centers.ulbsibiu.ro\/ccsprise\/lact\/wp-json\/wp\/v2\/posts\/6064\/revisions\/6065"}],"wp:attachment":[{"href":"https:\/\/centers.ulbsibiu.ro\/ccsprise\/lact\/wp-json\/wp\/v2\/media?parent=6064"}],"wp:term":[{"taxonomy":"category","embeddable":true,"href":"https:\/\/centers.ulbsibiu.ro\/ccsprise\/lact\/wp-json\/wp\/v2\/categories?post=6064"},{"taxonomy":"post_tag","embeddable":true,"href":"https:\/\/centers.ulbsibiu.ro\/ccsprise\/lact\/wp-json\/wp\/v2\/tags?post=6064"}],"curies":[{"name":"wp","href":"https:\/\/api.w.org\/{rel}","templated":true}]}}