{"id":6062,"date":"2019-03-12T17:35:31","date_gmt":"2019-03-12T15:35:31","guid":{"rendered":"https:\/\/centers.ulbsibiu.ro\/ccsprise\/lact\/?p=6062"},"modified":"2019-03-12T17:35:31","modified_gmt":"2019-03-12T15:35:31","slug":"infotag-md-mae-al-transnistriei-ii-recomanda-presedintelui-moldovei-sa-se-concentreze-pe-rezolvarea-problemelor-interne","status":"publish","type":"post","link":"https:\/\/centers.ulbsibiu.ro\/ccsprise\/lact\/infotag-md-mae-al-transnistriei-ii-recomanda-presedintelui-moldovei-sa-se-concentreze-pe-rezolvarea-problemelor-interne\/","title":{"rendered":"Infotag.md &#8211; MAE AL TRANSNISTRIEI \u00ceI RECOMAND\u0102 PRE\u0218EDINTELUI MOLDOVEI S\u0102 SE CONCENTREZE PE REZOLVAREA PROBLEMELOR INTERNE"},"content":{"rendered":"<p>Ministerul Afacerilor Externe al autoproclamatei RMN \u00eei recomand\u0103 Pre\u0219edintelui Moldovei, Igor Dodon, \u201es\u0103 se concentreze asupra setului de probleme cu care se confrunt\u0103 propriului stat \u0219i, \u00een m\u0103sura dorin\u0163ei \u015fi posibilit\u0103\u0163ilor, s\u0103 contribuie la realizarea deplin\u0103 a angajamentelor anterioare ale Republicii Moldova \u00een procesul de negocieri cu Transnistria\u201d.<br \/>\nPotrivit agen\u021biei INFOTAG, un asemenea comentariu a fost emis mar\u0163i de MAE al regiunii \u201e\u00een leg\u0103tur\u0103 cu unele declara\u0163ii ale pre\u015fedintelui Moldovei vecine\u201d \u015fi cu \u201eini\u0163iativele sale publice demonstrative pe subiectul reglement\u0103rii rela\u0163iilor moldo-transnistrene\u201d.<br \/>\n\u201eActivitatea specific\u0103 a oficialului moldovean, care nu dispune de autoritate \u00een acest domeniu, dar \u0219i tezele nepotrivite privind \u201eproximitatea\u201d reglement\u0103rii definitive a conflictului moldo-transnistrean, din p\u0103cate, nu fac dec\u00e2t s\u0103 dezorienteze participan\u021bii externi \u0219i creeaz\u0103 o imagine distorsionat\u0103 a situa\u021biei \u00een cadrul negocierilor\u201d, consider\u0103 MAE de la Tiraspol.<br \/>\nPotrivit acestuia, \u201etextele unor \u201eproiecte\u201d arat\u0103 c\u0103 acestea sunt ni\u015fte compila\u0163ii ale diferi\u0163ilor autori, care au \u00een comun ambi\u021bii subiective \u0219i lozinci populiste \u015fi urm\u0103resc reac\u021bia indulgent\u0103 a actorilor interna\u021bionali\u201d.<br \/>\n\u00cen comentariu se men\u0163ioneaz\u0103 c\u0103 \u201eexperien\u021ba vast\u0103 a rela\u021biilor moldo-transnistrene demonstreaz\u0103 caracterul dezastruos al oric\u0103ror planuri himerice care ignor\u0103 voin\u021ba poporului transnistrean multina\u021bional, care nu \u0163in cont de lec\u021biile din istorie \u0219i de realit\u0103\u021bile obiective care s-au format \u00een ultimele trei decenii\u201d.<br \/>\nMAE reaminte\u015fte c\u0103 \u201epoporul transnistrean demult \u015fi-a f\u0103cut alegerea con\u015ftient\u0103, iar RMN, ca stat democratic \u0219i pa\u0219nic suveran, \u00een procesul de negocieri \u0219i \u00een rela\u021biile cu partenerii interna\u021bionali se ghideaz\u0103 de prevederile constitu\u021biei sale, de concep\u021bia politicii externe, de strategia de dezvoltare \u0219i alte baze legislative\u201d.<br \/>\nAutorii documentului sus\u0163in c\u0103 \u201especula\u021biile pe tema identific\u0103rii unui model de reglementare definitiv\u0103 a rela\u021biilor dintre Moldova \u015fi Transnistria reprezint\u0103 o abordare deliberat\u0103 de marginalizare \u015fi o \u00eencercare de a induce \u00een eroare parteneri interna\u0163ionali, \u00een primul r\u00e2nd, participan\u0163ii la formatul \u201e5+2\u201d, cu scopul de a destabiliza negocierile \u0219i de a submina progresul \u00eenregistrat \u00een agenda comun\u0103 socio-economic\u0103 \u0219i umanitar\u0103\u201d.<\/p>\n<p>Sursa:\u00a0<a href=\"http:\/\/www.infotag.md\/rebelion-ro\/273446\/\">http:\/\/www.infotag.md\/<\/a><\/p>\n","protected":false},"excerpt":{"rendered":"<p>Ministerul Afacerilor Externe al autoproclamatei RMN \u00eei recomand\u0103 Pre\u0219edintelui Moldovei, Igor Dodon, \u201es\u0103 se concentreze asupra setului de probleme cu care se confrunt\u0103 propriului stat \u0219i, \u00een m\u0103sura dorin\u0163ei \u015fi posibilit\u0103\u0163ilor, s\u0103 contribuie la realizarea deplin\u0103 a angajamentelor anterioare ale Republicii Moldova \u00een procesul de negocieri cu Transnistria\u201d. Potrivit agen\u021biei INFOTAG, un asemenea comentariu a&#8230;<\/p>\n","protected":false},"author":2,"featured_media":0,"comment_status":"closed","ping_status":"open","sticky":false,"template":"","format":"standard","meta":[],"categories":[1],"tags":[],"_links":{"self":[{"href":"https:\/\/centers.ulbsibiu.ro\/ccsprise\/lact\/wp-json\/wp\/v2\/posts\/6062"}],"collection":[{"href":"https:\/\/centers.ulbsibiu.ro\/ccsprise\/lact\/wp-json\/wp\/v2\/posts"}],"about":[{"href":"https:\/\/centers.ulbsibiu.ro\/ccsprise\/lact\/wp-json\/wp\/v2\/types\/post"}],"author":[{"embeddable":true,"href":"https:\/\/centers.ulbsibiu.ro\/ccsprise\/lact\/wp-json\/wp\/v2\/users\/2"}],"replies":[{"embeddable":true,"href":"https:\/\/centers.ulbsibiu.ro\/ccsprise\/lact\/wp-json\/wp\/v2\/comments?post=6062"}],"version-history":[{"count":1,"href":"https:\/\/centers.ulbsibiu.ro\/ccsprise\/lact\/wp-json\/wp\/v2\/posts\/6062\/revisions"}],"predecessor-version":[{"id":6063,"href":"https:\/\/centers.ulbsibiu.ro\/ccsprise\/lact\/wp-json\/wp\/v2\/posts\/6062\/revisions\/6063"}],"wp:attachment":[{"href":"https:\/\/centers.ulbsibiu.ro\/ccsprise\/lact\/wp-json\/wp\/v2\/media?parent=6062"}],"wp:term":[{"taxonomy":"category","embeddable":true,"href":"https:\/\/centers.ulbsibiu.ro\/ccsprise\/lact\/wp-json\/wp\/v2\/categories?post=6062"},{"taxonomy":"post_tag","embeddable":true,"href":"https:\/\/centers.ulbsibiu.ro\/ccsprise\/lact\/wp-json\/wp\/v2\/tags?post=6062"}],"curies":[{"name":"wp","href":"https:\/\/api.w.org\/{rel}","templated":true}]}}