{"id":6060,"date":"2019-03-12T16:37:04","date_gmt":"2019-03-12T14:37:04","guid":{"rendered":"https:\/\/centers.ulbsibiu.ro\/ccsprise\/lact\/?p=6060"},"modified":"2019-03-12T16:37:04","modified_gmt":"2019-03-12T14:37:04","slug":"radiochisinau-md-ce-spune-tiraspolul-despre-planul-lui-igor-dodon-de-a-reintegra-transnistria-in-componenta-r-moldova","status":"publish","type":"post","link":"https:\/\/centers.ulbsibiu.ro\/ccsprise\/lact\/radiochisinau-md-ce-spune-tiraspolul-despre-planul-lui-igor-dodon-de-a-reintegra-transnistria-in-componenta-r-moldova\/","title":{"rendered":"Radiochisinau.md &#8211; Ce spune Tiraspolul despre planul lui Igor Dodon de a reintegra Transnistria \u00een componen\u021ba R. Moldova"},"content":{"rendered":"<p class=\"story-body__introduction\">Autorit\u0103\u021bile nerecunoscute de la Tiraspol calific\u0103 declara\u021biile pre\u0219edintelui Igor Dodon cu privire la reglementarea conflictului transnistrean prin reintegrarea Transnistriei \u00een componen\u021ba teritorial-statal\u0103 a Republicii Moldova, drept &#8220;o abordare marginalizat\u0103 \u015fi o \u00eencercare a de a induce \u00een eroare parteneri internationali\u201d.<\/p>\n<div class=\"articleContent\">\n<div class=\"full-title\">\n<p>Potrivit a\u0219a-zisului minister de externe din regiunea transnistrean\u0103, \u201dspecula\u021biile pe tema reglement\u0103rii\u00a0rela\u021biilor dintre R. Moldova \u015fi Transnistria reprezint\u0103 o abordare deliberat\u0103 de marginilizare \u015fi o \u00eencercare de a induce \u00een eroare parteneri interna\u0163ionali, \u00een primul r\u00e2nd, participan\u0163ii la formatul &#8220;5+2&#8221;, cu scopul de a destabiliza negocierile \u0219i de a submina progresul \u00eenregistrat \u00een agenda comun\u0103 socio-economic\u0103 \u0219i umanitar\u0103\u201d, scrie\u00a0novostipmr.com.<\/p>\n<div id=\"translation_text\">Autorit\u0103\u021bile din Transnistria i-au recomandat pre\u0219edintelui Dodon &#8220;s\u0103 se concentreze pe rezolvarea problemelor interne ale statului pe care-l conduce \u015fi s\u0103 contribuie la punerea integral\u0103 \u00een aplicare a angajamentelor asumate de R. Moldova \u00een procesul de negocieri cu Transnistria\u201d.<\/div>\n<\/div>\n<div>Sursa:\u00a0<a href=\"https:\/\/radiochisinau.md\/ce-spune-tiraspolul-despre-planul-presedintelui-dodon-de-a-reintegra-transnistria-in-componenta-r-moldova---83784.html?fbclid=IwAR208lP7NHApxLTcjx6RTITojSHWlbDWlIAiiMxey3h-Hr1mfqvbUvgFKr4\">https:\/\/radiochisinau.md\/<\/a><\/div>\n<\/div>\n","protected":false},"excerpt":{"rendered":"<p>Autorit\u0103\u021bile nerecunoscute de la Tiraspol calific\u0103 declara\u021biile pre\u0219edintelui Igor Dodon cu privire la reglementarea conflictului transnistrean prin reintegrarea Transnistriei \u00een componen\u021ba teritorial-statal\u0103 a Republicii Moldova, drept &#8220;o abordare marginalizat\u0103 \u015fi o \u00eencercare a de a induce \u00een eroare parteneri internationali\u201d. Potrivit a\u0219a-zisului minister de externe din regiunea transnistrean\u0103, \u201dspecula\u021biile pe tema reglement\u0103rii\u00a0rela\u021biilor dintre R. Moldova&#8230;<\/p>\n","protected":false},"author":2,"featured_media":0,"comment_status":"closed","ping_status":"open","sticky":false,"template":"","format":"standard","meta":[],"categories":[1],"tags":[],"_links":{"self":[{"href":"https:\/\/centers.ulbsibiu.ro\/ccsprise\/lact\/wp-json\/wp\/v2\/posts\/6060"}],"collection":[{"href":"https:\/\/centers.ulbsibiu.ro\/ccsprise\/lact\/wp-json\/wp\/v2\/posts"}],"about":[{"href":"https:\/\/centers.ulbsibiu.ro\/ccsprise\/lact\/wp-json\/wp\/v2\/types\/post"}],"author":[{"embeddable":true,"href":"https:\/\/centers.ulbsibiu.ro\/ccsprise\/lact\/wp-json\/wp\/v2\/users\/2"}],"replies":[{"embeddable":true,"href":"https:\/\/centers.ulbsibiu.ro\/ccsprise\/lact\/wp-json\/wp\/v2\/comments?post=6060"}],"version-history":[{"count":1,"href":"https:\/\/centers.ulbsibiu.ro\/ccsprise\/lact\/wp-json\/wp\/v2\/posts\/6060\/revisions"}],"predecessor-version":[{"id":6061,"href":"https:\/\/centers.ulbsibiu.ro\/ccsprise\/lact\/wp-json\/wp\/v2\/posts\/6060\/revisions\/6061"}],"wp:attachment":[{"href":"https:\/\/centers.ulbsibiu.ro\/ccsprise\/lact\/wp-json\/wp\/v2\/media?parent=6060"}],"wp:term":[{"taxonomy":"category","embeddable":true,"href":"https:\/\/centers.ulbsibiu.ro\/ccsprise\/lact\/wp-json\/wp\/v2\/categories?post=6060"},{"taxonomy":"post_tag","embeddable":true,"href":"https:\/\/centers.ulbsibiu.ro\/ccsprise\/lact\/wp-json\/wp\/v2\/tags?post=6060"}],"curies":[{"name":"wp","href":"https:\/\/api.w.org\/{rel}","templated":true}]}}