{"id":6058,"date":"2019-03-12T16:35:40","date_gmt":"2019-03-12T14:35:40","guid":{"rendered":"https:\/\/centers.ulbsibiu.ro\/ccsprise\/lact\/?p=6058"},"modified":"2019-03-12T16:35:40","modified_gmt":"2019-03-12T14:35:40","slug":"epochtimes-romania-com-la-uzina-metalurgica-din-ribnita-ar-fi-avut-loc-scurgeri-de-radiatii-deputat-de-la-tiraspol-sunt-zvonuri","status":"publish","type":"post","link":"https:\/\/centers.ulbsibiu.ro\/ccsprise\/lact\/epochtimes-romania-com-la-uzina-metalurgica-din-ribnita-ar-fi-avut-loc-scurgeri-de-radiatii-deputat-de-la-tiraspol-sunt-zvonuri\/","title":{"rendered":"Epochtimes-romania.com &#8211; La Uzina metalurgic\u0103 din R\u00eebni\u0163a ar fi avut loc scurgeri de radia\u0163ii. Deputat de la Tiraspol: Sunt zvonuri"},"content":{"rendered":"<p><span style=\"display: inline !important; float: none; background-color: transparent; color: #333333; font-family: 'Georgia'; font-size: 16px; font-style: normal; font-variant: normal; font-weight: 400; letter-spacing: normal; orphans: 2; text-align: left; text-decoration: none; text-indent: 0px; text-transform: none; -webkit-text-stroke-width: 0px; white-space: normal; word-spacing: 0px;\">\u015etefan S\u00e2rbu<\/span><\/p>\n<p>\u00cen contextul informa\u0163iilor contradictorii ap\u0103rute pe re\u0163elele de socializare despre un presupus accident la Uzina metalurgic\u0103 din R\u00eebni\u0163a, deputatul din a\u015fa-zisul Soviet suprem al autoproclamatei Republici Moldovene\u015fti Nistrene (RMN), Andrei Safonov, sus\u0163ine c\u0103 nu au avut loc niciun fel de scurgeri de radia\u0163ii.<\/p>\n<p>\u201eTreze\u015fte ne\u00eencredere sursa ini\u0163ial\u0103 a acestor zvonuri \u2013 fostul pre\u015fedinte al RMN Evgheni \u015eevciuk. Spre marele nostru regret, chiar fiind un falit politic, \u00een loc s\u0103-\u015fi reg\u00e2ndeasc\u0103 rolul s\u0103u \u00een via\u0163a politic\u0103 a Transnistriei, el \u00eencearc\u0103 \u00een fel \u015fi chip s\u0103 destabilizeze situa\u0163ia\u201d, afirm\u0103 Safonov, \u00eentr-un <a title=\"https:\/\/www.kp.md\/daily\/26951.5\/4004233\/\" href=\"https:\/\/www.kp.md\/daily\/26951.5\/4004233\/\">interviu<\/a> pentru Komsomolskaia Pravda, preciz\u00e2nd c\u0103 \u015eevciuk ar urm\u0103ri demisia autorit\u0103\u0163ilor Transnistriei \u015fi organizarea de alegeri anticipate.<\/p>\n<p>Cu toate acestea, Biroul Politic de Reintegrare a f\u0103cut o precizare cu privire la incidentul produs la Uzina Metalurgic\u0103 din ora\u015ful R\u00eebni\u0163a confirm\u00e2nd c\u0103 un astfel de incident a avut loc pe parcursul lunii martie a.c., iar serviciile de interven\u0163ie ale Inspectoratului General pentru Situa\u0163ii de Urgen\u0163\u0103 nu au fost solicitate, de\u015fi la nivelul dialogului dintre Chi\u015fin\u0103u \u015fi Tiraspol ar exista un grup de lucru pe probleme ce \u0163in de situa\u0163iile excep\u0163ionale.<\/p>\n<p>Textul complet:\u00a0<a href=\"http:\/\/epochtimes-romania.com\/news\/la-uzina-metalurgica-din-ribnita-ar-fi-avut-loc-scurgeri-de-radiatii-deputat-de-la-tiraspol-sunt-zvonuri---285056?fbclid=IwAR1DFtJmG_Rmq_kWzWfYAO-n1q1TKbMUNrErL44PEAawt4p4lP6kpkE6SRM\">http:\/\/epochtimes-romania.com\/<\/a><\/p>\n","protected":false},"excerpt":{"rendered":"<p>\u015etefan S\u00e2rbu \u00cen contextul informa\u0163iilor contradictorii ap\u0103rute pe re\u0163elele de socializare despre un presupus accident la Uzina metalurgic\u0103 din R\u00eebni\u0163a, deputatul din a\u015fa-zisul Soviet suprem al autoproclamatei Republici Moldovene\u015fti Nistrene (RMN), Andrei Safonov, sus\u0163ine c\u0103 nu au avut loc niciun fel de scurgeri de radia\u0163ii. \u201eTreze\u015fte ne\u00eencredere sursa ini\u0163ial\u0103 a acestor zvonuri \u2013 fostul pre\u015fedinte&#8230;<\/p>\n","protected":false},"author":2,"featured_media":0,"comment_status":"closed","ping_status":"open","sticky":false,"template":"","format":"standard","meta":[],"categories":[1],"tags":[],"_links":{"self":[{"href":"https:\/\/centers.ulbsibiu.ro\/ccsprise\/lact\/wp-json\/wp\/v2\/posts\/6058"}],"collection":[{"href":"https:\/\/centers.ulbsibiu.ro\/ccsprise\/lact\/wp-json\/wp\/v2\/posts"}],"about":[{"href":"https:\/\/centers.ulbsibiu.ro\/ccsprise\/lact\/wp-json\/wp\/v2\/types\/post"}],"author":[{"embeddable":true,"href":"https:\/\/centers.ulbsibiu.ro\/ccsprise\/lact\/wp-json\/wp\/v2\/users\/2"}],"replies":[{"embeddable":true,"href":"https:\/\/centers.ulbsibiu.ro\/ccsprise\/lact\/wp-json\/wp\/v2\/comments?post=6058"}],"version-history":[{"count":1,"href":"https:\/\/centers.ulbsibiu.ro\/ccsprise\/lact\/wp-json\/wp\/v2\/posts\/6058\/revisions"}],"predecessor-version":[{"id":6059,"href":"https:\/\/centers.ulbsibiu.ro\/ccsprise\/lact\/wp-json\/wp\/v2\/posts\/6058\/revisions\/6059"}],"wp:attachment":[{"href":"https:\/\/centers.ulbsibiu.ro\/ccsprise\/lact\/wp-json\/wp\/v2\/media?parent=6058"}],"wp:term":[{"taxonomy":"category","embeddable":true,"href":"https:\/\/centers.ulbsibiu.ro\/ccsprise\/lact\/wp-json\/wp\/v2\/categories?post=6058"},{"taxonomy":"post_tag","embeddable":true,"href":"https:\/\/centers.ulbsibiu.ro\/ccsprise\/lact\/wp-json\/wp\/v2\/tags?post=6058"}],"curies":[{"name":"wp","href":"https:\/\/api.w.org\/{rel}","templated":true}]}}