{"id":6056,"date":"2019-03-11T19:16:39","date_gmt":"2019-03-11T17:16:39","guid":{"rendered":"https:\/\/centers.ulbsibiu.ro\/ccsprise\/lact\/?p=6056"},"modified":"2019-03-11T19:16:39","modified_gmt":"2019-03-11T17:16:39","slug":"ziarulnational-md-ministerul-rus-de-externe-il-crede-rupt-de-realitate-pe-presedintele-igor-dodon","status":"publish","type":"post","link":"https:\/\/centers.ulbsibiu.ro\/ccsprise\/lact\/ziarulnational-md-ministerul-rus-de-externe-il-crede-rupt-de-realitate-pe-presedintele-igor-dodon\/","title":{"rendered":"Ziarulnational.md &#8211; Ministerul rus de Externe \u00eel crede \u201erupt de realitate\u201d pe pre\u0219edintele Igor Dodon"},"content":{"rendered":"<p><span style=\"display: inline !important; float: none; background-color: transparent; color: #383536; font-family: 'Open Sans',sans-serif; font-size: 16px; font-style: normal; font-variant: normal; font-weight: 400; letter-spacing: normal; orphans: 2; text-align: left; text-decoration: none; text-indent: 0px; text-transform: none; -webkit-text-stroke-width: 0px; white-space: normal; word-spacing: 0px;\">Ministerul Afacerilor Externe de la Moscova consider\u0103 declara\u021biile pre\u0219edintelui Idor Dodon despre o \u201erezolvare rapid\u0103\u201d a conflictului transnistrean drept \u201erupte de realitate\u201d. <\/span><br \/>\n<span style=\"display: inline !important; float: none; background-color: transparent; color: #383536; font-family: 'Open Sans',sans-serif; font-size: 16px; font-style: normal; font-variant: normal; font-weight: 400; letter-spacing: normal; orphans: 2; text-align: left; text-decoration: none; text-indent: 0px; text-transform: none; -webkit-text-stroke-width: 0px; white-space: normal; word-spacing: 0px;\">\u201eC\u00e2nd vin for\u021be politice care spun c\u0103 un conflict de c\u00e2teva decenii \u0219i aspectele problematice ale acestuia trebuie s\u0103 fie abordate rapid, \u00eentrebarea este &#8211; cred ele c\u0103 predecesorii lor nu \u00een\u021belegeau acest lucru?\u201d, a declarat purt\u0103torul de cuv\u00e2nt al diploma\u021biei ruse, Maria Zaharova, r\u0103spunz\u00e2nd recent la \u00eentrebarea unui jurnalist de la Moscova. <\/span><br \/>\n<span style=\"display: inline !important; float: none; background-color: transparent; color: #383536; font-family: 'Open Sans',sans-serif; font-size: 16px; font-style: normal; font-variant: normal; font-weight: 400; letter-spacing: normal; orphans: 2; text-align: left; text-decoration: none; text-indent: 0px; text-transform: none; -webkit-text-stroke-width: 0px; white-space: normal; word-spacing: 0px;\">Zaharova a ad\u0103ugat c\u0103 \u201enu este nimic \u00een neregul\u0103 cu inten\u021biile politicienilor de a rezolva rapid problemele\u201d. <\/span><br \/>\n<span style=\"display: inline !important; float: none; background-color: transparent; color: #383536; font-family: 'Open Sans',sans-serif; font-size: 16px; font-style: normal; font-variant: normal; font-weight: 400; letter-spacing: normal; orphans: 2; text-align: left; text-decoration: none; text-indent: 0px; text-transform: none; -webkit-text-stroke-width: 0px; white-space: normal; word-spacing: 0px;\">\u201eSingura \u00eentrebare este dac\u0103 ei sunt \u00eentr-adev\u0103r reali\u0219ti. Pentru c\u0103 acest lucru nu este un mesaj teoretic, ci un postulat care ar trebui legat de istoria problemei \u0219i de posibilit\u0103\u021bile reale\u201d, a spus ea, cit\u00e2nd declara\u021bia ministrului rus de Externe, Serghei Lavrov, potrivit c\u0103reia \u201eeste extrem de important ca diploma\u021bii, exact ca medicii, s\u0103 nu d\u0103uneze\u201d. <\/span><\/p>\n<p>Sursa:\u00a0<a href=\"https:\/\/www.ziarulnational.md\/ministerul-rus-de-externe-il-crede-rupt-de-realitate-pe-presedintele-igor-dodon\/?fbclid=IwAR3VK18mlubY05_hfHExQ4bRJ_ozx3doSHYGBfFMZlCPabQftI9Gplq9rpQ\">https:\/\/www.ziarulnational.md\/<\/a><\/p>\n","protected":false},"excerpt":{"rendered":"<p>Ministerul Afacerilor Externe de la Moscova consider\u0103 declara\u021biile pre\u0219edintelui Idor Dodon despre o \u201erezolvare rapid\u0103\u201d a conflictului transnistrean drept \u201erupte de realitate\u201d. \u201eC\u00e2nd vin for\u021be politice care spun c\u0103 un conflict de c\u00e2teva decenii \u0219i aspectele problematice ale acestuia trebuie s\u0103 fie abordate rapid, \u00eentrebarea este &#8211; cred ele c\u0103 predecesorii lor nu \u00een\u021belegeau acest&#8230;<\/p>\n","protected":false},"author":2,"featured_media":0,"comment_status":"closed","ping_status":"open","sticky":false,"template":"","format":"standard","meta":[],"categories":[1],"tags":[],"_links":{"self":[{"href":"https:\/\/centers.ulbsibiu.ro\/ccsprise\/lact\/wp-json\/wp\/v2\/posts\/6056"}],"collection":[{"href":"https:\/\/centers.ulbsibiu.ro\/ccsprise\/lact\/wp-json\/wp\/v2\/posts"}],"about":[{"href":"https:\/\/centers.ulbsibiu.ro\/ccsprise\/lact\/wp-json\/wp\/v2\/types\/post"}],"author":[{"embeddable":true,"href":"https:\/\/centers.ulbsibiu.ro\/ccsprise\/lact\/wp-json\/wp\/v2\/users\/2"}],"replies":[{"embeddable":true,"href":"https:\/\/centers.ulbsibiu.ro\/ccsprise\/lact\/wp-json\/wp\/v2\/comments?post=6056"}],"version-history":[{"count":1,"href":"https:\/\/centers.ulbsibiu.ro\/ccsprise\/lact\/wp-json\/wp\/v2\/posts\/6056\/revisions"}],"predecessor-version":[{"id":6057,"href":"https:\/\/centers.ulbsibiu.ro\/ccsprise\/lact\/wp-json\/wp\/v2\/posts\/6056\/revisions\/6057"}],"wp:attachment":[{"href":"https:\/\/centers.ulbsibiu.ro\/ccsprise\/lact\/wp-json\/wp\/v2\/media?parent=6056"}],"wp:term":[{"taxonomy":"category","embeddable":true,"href":"https:\/\/centers.ulbsibiu.ro\/ccsprise\/lact\/wp-json\/wp\/v2\/categories?post=6056"},{"taxonomy":"post_tag","embeddable":true,"href":"https:\/\/centers.ulbsibiu.ro\/ccsprise\/lact\/wp-json\/wp\/v2\/tags?post=6056"}],"curies":[{"name":"wp","href":"https:\/\/api.w.org\/{rel}","templated":true}]}}