{"id":6053,"date":"2019-03-11T19:07:15","date_gmt":"2019-03-11T17:07:15","guid":{"rendered":"https:\/\/centers.ulbsibiu.ro\/ccsprise\/lact\/?p=6053"},"modified":"2019-03-11T19:07:15","modified_gmt":"2019-03-11T17:07:15","slug":"gov-md-concretizare-vizavi-de-un-incident-produs-in-or-rabnita","status":"publish","type":"post","link":"https:\/\/centers.ulbsibiu.ro\/ccsprise\/lact\/gov-md-concretizare-vizavi-de-un-incident-produs-in-or-rabnita\/","title":{"rendered":"Gov.md &#8211; Concretizare vizavi de un incident produs \u00een or. R\u00e2bni\u0163a"},"content":{"rendered":"<p>Biroul politici de reintegrare vine cu o precizare cu referin\u021b\u0103 la incidentul produs la Uzina Metalurgic\u0103 din or. R\u00e2bni\u021ba, unde ca urmare s-a oprit cuptorul.<\/p>\n<p>Confirm\u0103m c\u0103 un astfel de incident a avut loc pe parcursul lunii martie curent, iar serviciile de interven\u021bie ale Inspectoratului General pentru Situa\u021bii de Urgen\u021b\u0103 nu au fost solicitate, de\u0219i la nivelul dialogului dintre Chi\u0219in\u0103u \u0219i Tiraspol exist\u0103 un grup de lucru pe probleme ce \u021bin de situa\u021biile excep\u021bionale.<\/p>\n<p>\u00cen cadrul comunic\u0103rii cu Tiraspolul, la fa\u021ba locului se desf\u0103\u0219oar\u0103 o cercetare intern\u0103 pentru clarificarea cauzelor situa\u021biei.<\/p>\n<p>Sursa:\u00a0<a href=\"https:\/\/gov.md\/ro\/content\/concretizare-vizavi-de-un-incident-produs-or-rabnita\">https:\/\/gov.md\/<\/a><\/p>\n","protected":false},"excerpt":{"rendered":"<p>Biroul politici de reintegrare vine cu o precizare cu referin\u021b\u0103 la incidentul produs la Uzina Metalurgic\u0103 din or. R\u00e2bni\u021ba, unde ca urmare s-a oprit cuptorul. Confirm\u0103m c\u0103 un astfel de incident a avut loc pe parcursul lunii martie curent, iar serviciile de interven\u021bie ale Inspectoratului General pentru Situa\u021bii de Urgen\u021b\u0103 nu au fost solicitate, de\u0219i&#8230;<\/p>\n","protected":false},"author":2,"featured_media":0,"comment_status":"closed","ping_status":"open","sticky":false,"template":"","format":"standard","meta":[],"categories":[1],"tags":[],"_links":{"self":[{"href":"https:\/\/centers.ulbsibiu.ro\/ccsprise\/lact\/wp-json\/wp\/v2\/posts\/6053"}],"collection":[{"href":"https:\/\/centers.ulbsibiu.ro\/ccsprise\/lact\/wp-json\/wp\/v2\/posts"}],"about":[{"href":"https:\/\/centers.ulbsibiu.ro\/ccsprise\/lact\/wp-json\/wp\/v2\/types\/post"}],"author":[{"embeddable":true,"href":"https:\/\/centers.ulbsibiu.ro\/ccsprise\/lact\/wp-json\/wp\/v2\/users\/2"}],"replies":[{"embeddable":true,"href":"https:\/\/centers.ulbsibiu.ro\/ccsprise\/lact\/wp-json\/wp\/v2\/comments?post=6053"}],"version-history":[{"count":1,"href":"https:\/\/centers.ulbsibiu.ro\/ccsprise\/lact\/wp-json\/wp\/v2\/posts\/6053\/revisions"}],"predecessor-version":[{"id":6054,"href":"https:\/\/centers.ulbsibiu.ro\/ccsprise\/lact\/wp-json\/wp\/v2\/posts\/6053\/revisions\/6054"}],"wp:attachment":[{"href":"https:\/\/centers.ulbsibiu.ro\/ccsprise\/lact\/wp-json\/wp\/v2\/media?parent=6053"}],"wp:term":[{"taxonomy":"category","embeddable":true,"href":"https:\/\/centers.ulbsibiu.ro\/ccsprise\/lact\/wp-json\/wp\/v2\/categories?post=6053"},{"taxonomy":"post_tag","embeddable":true,"href":"https:\/\/centers.ulbsibiu.ro\/ccsprise\/lact\/wp-json\/wp\/v2\/tags?post=6053"}],"curies":[{"name":"wp","href":"https:\/\/api.w.org\/{rel}","templated":true}]}}