{"id":6051,"date":"2019-03-11T18:27:05","date_gmt":"2019-03-11T16:27:05","guid":{"rendered":"https:\/\/centers.ulbsibiu.ro\/ccsprise\/lact\/?p=6051"},"modified":"2020-06-12T18:38:39","modified_gmt":"2020-06-12T16:38:39","slug":"adevarul-ro-transnistria-dupa-conferinta-de-la-munchen-trei-intrebari-esentiale-pe-care-partenerii-internationali-ar-trebui-sa-le-adreseze-presedintelui-r-moldova","status":"publish","type":"post","link":"https:\/\/centers.ulbsibiu.ro\/ccsprise\/lact\/adevarul-ro-transnistria-dupa-conferinta-de-la-munchen-trei-intrebari-esentiale-pe-care-partenerii-internationali-ar-trebui-sa-le-adreseze-presedintelui-r-moldova\/","title":{"rendered":"Adevarul.ro &#8211; Transnistria dup\u0103 Conferin\u0163a de la M\u00fcnchen. Trei \u00eentreb\u0103ri esen\u0163iale pe care partenerii interna\u0163ionali ar trebui s\u0103 le adreseze pre\u015fedintelui R. Moldova"},"content":{"rendered":"<p>Prin intermediul acestui material relu\u0103m seria de articole tematice dedicate chestiunii transnistrene \u015fi realit\u0103\u0163ilor social-politice, economice \u015fi culturale din aceast\u0103 regiune. Analiza de fa\u0163\u0103 se axeaz\u0103 pe c\u00e2teva aspecte esen\u0163iale care, consider\u0103m noi, necesit\u0103 s\u0103 fie dezb\u0103tute \u00een spa\u0163iul public \u00een contextul lans\u0103rii \u201epachetului atotcuprinz\u0103tor pentru Moldova\u201c cu referire la reintegrarea Transnistriei \u00een componen\u0163a Republicii Moldova.<br \/>\n<a title=\"Transnistria dup\u0103 Conferin\u0163a de la M\u00fcnchen. Trei \u00eentreb\u0103ri esen\u0163iale pe care partenerii interna\u0163ionali ar trebui s\u0103 le adreseze pre\u015fedintelui R. Moldova | LARICS | adevarul.ro\u015eedin\u0163a CSAT. Ce au aprobat membrii Consiliului: obiectivele Rom\u00e2niei pentru Summitul NATO de la Bruxelles \u015fi for\u0163ele armate pentru misiuni \u00een str\u0103in\u0103tate | adevarul.ro\u015eedin\u0163a CSAT. Ce au aprobat membrii Consiliului: obiectivele Rom\u00e2niei pentru Summitul NATO de la Bruxelles \u015fi for\u0163ele armate pentru misiuni \u00een str\u0103in\u0103tate | adevarul.ro\" href=\"http:\/\/adev.ro\/po6t0z\" target=\"_blank\" rel=\"noopener noreferrer\"><br \/>\n<\/a><\/p>\n<p>Analiz\u0103 realizat\u0103 de Tatiana Cojocari*<\/p>\n<p>Scriam \u00eentr-un articol anterior c\u0103 \u00een Republica Moldova anilor 2017-2018 se conturau tot mai clar semnalele c\u0103 autorit\u0103\u0163ile de la Chi\u015fin\u0103u tatoneaz\u0103 terenul pentru o poten\u0163ial\u0103 dezghe\u0163are a \u201econflictului \u00eenghe\u0163at\u201c deja de peste 27 de ani de la marginea Nistrului. Ast\u0103zi, nu mai exist\u0103 nici un fel de incertitudine c\u0103 lucrurile nu au r\u0103mas doar la stadiu de zvonuri \u015fi presupuneri \u2013 av\u00e2nd scris negru pe alb declara\u0163iile Pre\u015fedintelui Republicii Moldova, Igor Dodon, care a lansat la Conferin\u0163a Interna\u0163ional\u0103 de Securitate de la Munchen din februarie 2019 \u2013 \u201ePachetul atotcuprinz\u0103tor pentru Moldova\u201c. Ce presupune acest \u201epachet\u201c? \u00cen conformitate cu declara\u0163iile autorului acesta reprezint\u0103 \u201e\u00een exclusivitate un nou concept de politic\u0103 extern\u0103 al Republicii Moldova \u201c . Concept care am spune noi, penduleaz\u0103 \u00een jurul obiectivului strategic cel mai important pentru I. Dodon \u2013 reglementarea conflictului transnistrean prin reintegrarea Transnistriei \u00een componen\u0163a teritorial-statal\u0103 a Republicii Moldova.<\/p>\n<p>Textul complet:\u00a0<a href=\"https:\/\/adevarul.ro\/moldova\/politica\/transnistria-conferinta-munchen-trei-intrebari-esentiale-partenerii-internationali-trebui-le-adreseze-presedintelui-r-moldova-1_5c857a34445219c57e198e12\/index.html\">https:\/\/adevarul.ro<\/a><\/p>\n","protected":false},"excerpt":{"rendered":"<p>Prin intermediul acestui material relu\u0103m seria de articole tematice dedicate chestiunii transnistrene \u015fi realit\u0103\u0163ilor social-politice, economice \u015fi culturale din aceast\u0103 regiune. Analiza de fa\u0163\u0103 se axeaz\u0103 pe c\u00e2teva aspecte esen\u0163iale care, consider\u0103m noi, necesit\u0103 s\u0103 fie dezb\u0103tute \u00een spa\u0163iul public \u00een contextul lans\u0103rii \u201epachetului atotcuprinz\u0103tor pentru Moldova\u201c cu referire la reintegrarea Transnistriei \u00een componen\u0163a Republicii&#8230;<\/p>\n","protected":false},"author":2,"featured_media":0,"comment_status":"closed","ping_status":"open","sticky":false,"template":"","format":"standard","meta":[],"categories":[1],"tags":[],"_links":{"self":[{"href":"https:\/\/centers.ulbsibiu.ro\/ccsprise\/lact\/wp-json\/wp\/v2\/posts\/6051"}],"collection":[{"href":"https:\/\/centers.ulbsibiu.ro\/ccsprise\/lact\/wp-json\/wp\/v2\/posts"}],"about":[{"href":"https:\/\/centers.ulbsibiu.ro\/ccsprise\/lact\/wp-json\/wp\/v2\/types\/post"}],"author":[{"embeddable":true,"href":"https:\/\/centers.ulbsibiu.ro\/ccsprise\/lact\/wp-json\/wp\/v2\/users\/2"}],"replies":[{"embeddable":true,"href":"https:\/\/centers.ulbsibiu.ro\/ccsprise\/lact\/wp-json\/wp\/v2\/comments?post=6051"}],"version-history":[{"count":2,"href":"https:\/\/centers.ulbsibiu.ro\/ccsprise\/lact\/wp-json\/wp\/v2\/posts\/6051\/revisions"}],"predecessor-version":[{"id":8126,"href":"https:\/\/centers.ulbsibiu.ro\/ccsprise\/lact\/wp-json\/wp\/v2\/posts\/6051\/revisions\/8126"}],"wp:attachment":[{"href":"https:\/\/centers.ulbsibiu.ro\/ccsprise\/lact\/wp-json\/wp\/v2\/media?parent=6051"}],"wp:term":[{"taxonomy":"category","embeddable":true,"href":"https:\/\/centers.ulbsibiu.ro\/ccsprise\/lact\/wp-json\/wp\/v2\/categories?post=6051"},{"taxonomy":"post_tag","embeddable":true,"href":"https:\/\/centers.ulbsibiu.ro\/ccsprise\/lact\/wp-json\/wp\/v2\/tags?post=6051"}],"curies":[{"name":"wp","href":"https:\/\/api.w.org\/{rel}","templated":true}]}}