{"id":6038,"date":"2019-03-07T19:04:46","date_gmt":"2019-03-07T17:04:46","guid":{"rendered":"https:\/\/centers.ulbsibiu.ro\/ccsprise\/lact\/?p=6038"},"modified":"2019-03-07T19:04:46","modified_gmt":"2019-03-07T17:04:46","slug":"gov-md-sedinta-comisiei-unificate-de-control-din-7-martie","status":"publish","type":"post","link":"https:\/\/centers.ulbsibiu.ro\/ccsprise\/lact\/gov-md-sedinta-comisiei-unificate-de-control-din-7-martie\/","title":{"rendered":"Gov.md &#8211; \u0218edin\u021ba Comisiei Unificate de Control din 7 martie"},"content":{"rendered":"<p>La \u0219edin\u021ba Comisiei Unificate de Control din 7 martie Delega\u021bia Republicii Moldova a readus \u00een aten\u021bie problema legat\u0103 de activitatea necontrolat\u0103 a structurilor militare de \u201egr\u0103niceri\u201d instituite ilegal de Tiraspol. Prezen\u021ba acestora \u00een Zona de Securitate reprezint\u0103 o sfidare v\u0103dit\u0103 a prevederilor Acordului moldo-rus din 21 iulie 1992, prin care p\u0103r\u021bile s-au obligat s\u0103 retrag\u0103 toate forma\u021biunile militare ce nu fac parte din For\u021bele Mixte de Pacificare.<\/p>\n<p>Propunerea Delega\u021biei moldovene\u0219ti de a pune \u00een agenda \u0219edin\u021bei aceast\u0103 problem\u0103 \u0219i de a obliga partea transnistrean\u0103 s\u0103 elimine posturile \u201egr\u0103nicere\u0219ti\u201d a fost respins\u0103 reprezentan\u021bii Tiraspolului. \u00cen consecin\u021b\u0103, s-a decis c\u0103 o discu\u021bie pe marginea acesteia va urma pe platforma \u00eentrevederilor la nivel de copre\u0219edin\u021bi ai Comisiei cu participarea a c\u00e2te unui reprezentant din partea Misiunii OSCE \u0219i Ucrainei.<\/p>\n<p>Comisia a luat act de raportul s\u0103pt\u0103m\u00e2nal al Comandamentului Militar \u00centrunit privind situa\u021bia \u00een Zona de Securitate pentru perioada 28 februarie &#8211; 6 martie curent.<\/p>\n<p>\u00cen cadrul aceleia\u0219i \u0219edin\u021be Comisia a aprobat \u00een func\u021bie doi observatori militari din partea Federa\u021biei Ruse.<\/p>\n<p>Totodat\u0103, Misiunea\u00a0 OSCE \u00een Moldova l-a propus pe Michael Schieder \u00een calitate de reprezentant al s\u0103u \u00een Comisia Unificat\u0103 de Control.<\/p>\n<p>Urm\u0103toarea reuniune a Comisiei Unificate de Control va avea loc la 14 martie 2019 \u00een ora\u0219ul Bender.<\/p>\n<p>&nbsp;<\/p>\n<p><strong>Delega\u021bia Republicii Moldova \u00een Comisia Unificat\u0103 de Control<\/strong><\/p>\n<p>&nbsp;<\/p>\n<p>Sursa:\u00a0<a href=\"https:\/\/gov.md\/ro\/content\/sedinta-comisiei-unificate-de-control-din-7-martie\">https:\/\/gov.md\/<\/a><\/p>\n","protected":false},"excerpt":{"rendered":"<p>La \u0219edin\u021ba Comisiei Unificate de Control din 7 martie Delega\u021bia Republicii Moldova a readus \u00een aten\u021bie problema legat\u0103 de activitatea necontrolat\u0103 a structurilor militare de \u201egr\u0103niceri\u201d instituite ilegal de Tiraspol. Prezen\u021ba acestora \u00een Zona de Securitate reprezint\u0103 o sfidare v\u0103dit\u0103 a prevederilor Acordului moldo-rus din 21 iulie 1992, prin care p\u0103r\u021bile s-au obligat s\u0103 retrag\u0103&#8230;<\/p>\n","protected":false},"author":2,"featured_media":0,"comment_status":"closed","ping_status":"open","sticky":false,"template":"","format":"standard","meta":[],"categories":[1],"tags":[],"_links":{"self":[{"href":"https:\/\/centers.ulbsibiu.ro\/ccsprise\/lact\/wp-json\/wp\/v2\/posts\/6038"}],"collection":[{"href":"https:\/\/centers.ulbsibiu.ro\/ccsprise\/lact\/wp-json\/wp\/v2\/posts"}],"about":[{"href":"https:\/\/centers.ulbsibiu.ro\/ccsprise\/lact\/wp-json\/wp\/v2\/types\/post"}],"author":[{"embeddable":true,"href":"https:\/\/centers.ulbsibiu.ro\/ccsprise\/lact\/wp-json\/wp\/v2\/users\/2"}],"replies":[{"embeddable":true,"href":"https:\/\/centers.ulbsibiu.ro\/ccsprise\/lact\/wp-json\/wp\/v2\/comments?post=6038"}],"version-history":[{"count":1,"href":"https:\/\/centers.ulbsibiu.ro\/ccsprise\/lact\/wp-json\/wp\/v2\/posts\/6038\/revisions"}],"predecessor-version":[{"id":6039,"href":"https:\/\/centers.ulbsibiu.ro\/ccsprise\/lact\/wp-json\/wp\/v2\/posts\/6038\/revisions\/6039"}],"wp:attachment":[{"href":"https:\/\/centers.ulbsibiu.ro\/ccsprise\/lact\/wp-json\/wp\/v2\/media?parent=6038"}],"wp:term":[{"taxonomy":"category","embeddable":true,"href":"https:\/\/centers.ulbsibiu.ro\/ccsprise\/lact\/wp-json\/wp\/v2\/categories?post=6038"},{"taxonomy":"post_tag","embeddable":true,"href":"https:\/\/centers.ulbsibiu.ro\/ccsprise\/lact\/wp-json\/wp\/v2\/tags?post=6038"}],"curies":[{"name":"wp","href":"https:\/\/api.w.org\/{rel}","templated":true}]}}