{"id":6032,"date":"2019-03-06T18:47:34","date_gmt":"2019-03-06T16:47:34","guid":{"rendered":"https:\/\/centers.ulbsibiu.ro\/ccsprise\/lact\/?p=6032"},"modified":"2019-03-06T18:47:34","modified_gmt":"2019-03-06T16:47:34","slug":"gov-md-intrevederea-viceprim-ministrului-cristina-lesnic-cu-ambasadorul-romaniei-in-republica-moldova-daniel-ionita-3","status":"publish","type":"post","link":"https:\/\/centers.ulbsibiu.ro\/ccsprise\/lact\/gov-md-intrevederea-viceprim-ministrului-cristina-lesnic-cu-ambasadorul-romaniei-in-republica-moldova-daniel-ionita-3\/","title":{"rendered":"Gov.md &#8211; \u00centrevederea viceprim-ministrului Cristina Lesnic cu Ambasadorul Rom\u00e2niei \u00een Republica Moldova Daniel Ioni\u0163\u0103"},"content":{"rendered":"<p>Viceprim-ministrul pentru Reintegrare Cristina Lesnic a primit ast\u0103zi, 6 martie 2019, pe ambasadorul Rom\u00e2niei la Chi\u015fin\u0103u, Daniel Ioni\u0163\u0103.<\/p>\n<p>Cei doi oficiali au f\u0103cut o scurt\u0103 trecere \u00een revist\u0103 a ansamblului rela\u0163iei bilaterale, a obiectivelor de interes comun \u00een perioada urm\u0103toare \u015fi a dialogului politic derulat la nivel bilateral \u015fi regional.<\/p>\n<p>Discu\u0163iile au pus \u00een eviden\u0163\u0103, evolu\u0163iile pozitive \u00eenregistrate\u00a0pe problematica transnistrean\u0103, aspecte ce \u0163in de punerea \u00een aplicare a mecanismului de documentare cu pl\u0103ci neutre a autovehiculelor din regiunea transnistrean\u0103 \u0219i a mecanismului de apostilare a diplomelor neutre eliberate de Universitatea ,,Taras \u0218evcenco\u201d din Tiraspol, asigur\u0103rea liberei circula\u021bii a elevilor \u0219i cadrelor didactice din \u0219colile cu predare \u00een grafia latin\u0103 din regiune \u00een baza carnetelor de elev \u0219i a legitima\u021biilor de serviciu. Cele dou\u0103 p\u0103r\u0163i au reiterat angajamentul comun pentru diversificarea domeniilor de cooperare, cu accent pe intensificarea rela\u0163iilor bilaterale bazate pe sus\u0163inere \u015fi \u00eencredere \u00eentre \u0163\u0103rile noastre.<\/p>\n<p>Viceprim-ministru a exprimat apreciere pentru contribu\u0163ia ambasadorului rom\u00e2n la dezvoltarea proiectelor menite s\u0103 promoveze m\u0103surile de consolidare a \u00eencrederii \u00eentre locuitorii de pe ambele maluri ale Nistrului.<\/p>\n<p>Sursa:\u00a0<a href=\"https:\/\/gov.md\/ro\/content\/intrevederea-viceprim-ministrului-cristina-lesnic-cu-ambasadorul-romaniei-republica-4\">https:\/\/gov.md\/<\/a><\/p>\n","protected":false},"excerpt":{"rendered":"<p>Viceprim-ministrul pentru Reintegrare Cristina Lesnic a primit ast\u0103zi, 6 martie 2019, pe ambasadorul Rom\u00e2niei la Chi\u015fin\u0103u, Daniel Ioni\u0163\u0103. Cei doi oficiali au f\u0103cut o scurt\u0103 trecere \u00een revist\u0103 a ansamblului rela\u0163iei bilaterale, a obiectivelor de interes comun \u00een perioada urm\u0103toare \u015fi a dialogului politic derulat la nivel bilateral \u015fi regional. Discu\u0163iile au pus \u00een eviden\u0163\u0103,&#8230;<\/p>\n","protected":false},"author":2,"featured_media":0,"comment_status":"closed","ping_status":"open","sticky":false,"template":"","format":"standard","meta":[],"categories":[1],"tags":[],"_links":{"self":[{"href":"https:\/\/centers.ulbsibiu.ro\/ccsprise\/lact\/wp-json\/wp\/v2\/posts\/6032"}],"collection":[{"href":"https:\/\/centers.ulbsibiu.ro\/ccsprise\/lact\/wp-json\/wp\/v2\/posts"}],"about":[{"href":"https:\/\/centers.ulbsibiu.ro\/ccsprise\/lact\/wp-json\/wp\/v2\/types\/post"}],"author":[{"embeddable":true,"href":"https:\/\/centers.ulbsibiu.ro\/ccsprise\/lact\/wp-json\/wp\/v2\/users\/2"}],"replies":[{"embeddable":true,"href":"https:\/\/centers.ulbsibiu.ro\/ccsprise\/lact\/wp-json\/wp\/v2\/comments?post=6032"}],"version-history":[{"count":1,"href":"https:\/\/centers.ulbsibiu.ro\/ccsprise\/lact\/wp-json\/wp\/v2\/posts\/6032\/revisions"}],"predecessor-version":[{"id":6033,"href":"https:\/\/centers.ulbsibiu.ro\/ccsprise\/lact\/wp-json\/wp\/v2\/posts\/6032\/revisions\/6033"}],"wp:attachment":[{"href":"https:\/\/centers.ulbsibiu.ro\/ccsprise\/lact\/wp-json\/wp\/v2\/media?parent=6032"}],"wp:term":[{"taxonomy":"category","embeddable":true,"href":"https:\/\/centers.ulbsibiu.ro\/ccsprise\/lact\/wp-json\/wp\/v2\/categories?post=6032"},{"taxonomy":"post_tag","embeddable":true,"href":"https:\/\/centers.ulbsibiu.ro\/ccsprise\/lact\/wp-json\/wp\/v2\/tags?post=6032"}],"curies":[{"name":"wp","href":"https:\/\/api.w.org\/{rel}","templated":true}]}}