{"id":6026,"date":"2019-03-03T17:31:39","date_gmt":"2019-03-03T15:31:39","guid":{"rendered":"https:\/\/centers.ulbsibiu.ro\/ccsprise\/lact\/?p=6026"},"modified":"2019-03-03T17:31:39","modified_gmt":"2019-03-03T15:31:39","slug":"zdg-md-razboiul-celor-doua-maluri-ale-nistrului-ce-stiu-tinerii-din-chisinau-si-tiraspol-despre-conflictul-transnistrean","status":"publish","type":"post","link":"https:\/\/centers.ulbsibiu.ro\/ccsprise\/lact\/zdg-md-razboiul-celor-doua-maluri-ale-nistrului-ce-stiu-tinerii-din-chisinau-si-tiraspol-despre-conflictul-transnistrean\/","title":{"rendered":"Zdg.md &#8211; R\u0103zboiul celor dou\u0103 maluri ale Nistrului. Ce \u0219tiu tinerii din Chi\u0219in\u0103u \u0219i Tiraspol despre conflictul transnistrean"},"content":{"rendered":"<p><strong>Ast\u0103zi, 2 martie, se \u00eemplinesc 27 de ani de la \u00eenceputul r\u0103zboiului de pe Nistru. Am vorbit cu tineri din ora\u0219ele Chi\u0219in\u0103u \u0219i Tiraspol ca s\u0103 afl\u0103m ce cunoa\u0219te t\u00e2n\u0103ra genera\u021bie despre evenimentele ce au avut loc \u00een anul 1992. \u00cen timp ce unii s-au ar\u0103tat pu\u021bin interesa\u021bi despre acest subiect, al\u021bii ne-au povestit c\u0103 rudele lor s-au num\u0103rat printre cei care au sim\u021bit pe propria piele consecin\u021bele r\u0103zboiului.<\/strong><\/p>\n<h3><strong>Ce cunosc tinerii din Tiraspol despre r\u0103zboiul de pe Nistru:<\/strong><\/h3>\n<ul>\n<li>Valerii Dimitrov are 20 de ani. T\u00e2n\u0103rul este originar din Cead\u00e2r-Lunga, \u00eens\u0103 locuie\u0219te \u0219i \u00ee\u0219i face studiile la Tiraspol:<em> \u201eAm auzit de acest conflict. Din c\u00e2te \u0219tiu totul s-a \u00eenceput \u00een ora\u0219ul Bender. S-a \u00eempu\u0219cat \u0219i \u00een Tiraspol. Au murit oameni\u201d.<\/em><\/li>\n<li><em>\u201eSuntem \u00eentr-un proces de globalizare. Nu v\u0103d o problem\u0103 de comunicare \u00eentre dou\u0103 \u021b\u0103ri. Deseori vin \u00een Moldova \u0219i iubesc aceast\u0103 \u021bar\u0103 foarte mult. Fiecare \u021bar\u0103 \u00ee\u0219i scrie istoria \u00een felul s\u0103u. Noi \u0219tim c\u0103 ora\u0219ul Bender a fost capturat, iar \u00een Dub\u0103sari a fost r\u0103zboi\u201d,<\/em> spune Daniil Boiarkin, un t\u00e2n\u0103r \u00een v\u00e2rst\u0103 de 17 ani, care \u00ee\u0219i face studiile la \u0219coala nr. 15 din Tiraspol. Daniil spune c\u0103 tot ce cunoa\u0219te despre r\u0103zboi a aflat din manualele de istorie.<\/li>\n<li><em>\u201eNu cunosc multe detalii, dar am un bunel care a participat la acest r\u0103zboi \u0219i a r\u0103mas \u00een via\u021b\u0103\u201d<\/em>, spune Maxim, un t\u00e2n\u0103r \u00een v\u00e2rst\u0103 de 22 de ani.<\/li>\n<li>Ana, o t\u00e2n\u0103r\u0103 de 27 de ani, ne-a povestit c\u0103 a vorbit cu mama sa de c\u00e2teva ori la acest subiect, \u00eens\u0103 a \u00eenv\u0103\u021bat c\u00e2teva ceva \u0219i la \u0219coal\u0103 despre conflictul de pe Nistru: <em>\u201e\u0218tiu c\u0103 a fost r\u0103zboi, \u0219i dup\u0103, ne-am separat \u00een dou\u0103 republici diferite.<\/em><\/li>\n<li>Vladislav este student \u00een anul I la Universitatea de Stat Nistrean\u0103. S-a n\u0103scut \u00een Tiraspol \u0219i dup\u0103 studiile universitare dore\u0219te s\u0103 r\u0103m\u00e2n\u0103 \u00een continuare \u00een ora\u0219ul s\u0103u natal. El este de p\u0103rerea c\u0103 tinerii nu poart\u0103 r\u0103spundere pentru deciziile \u0219i ne\u00een\u021belegerile conducerii ambelor p\u0103r\u021bi:<em> \u201eNoi cu prietenii \u0219i rudele nu atingem subiectul r\u0103zboiului\u201d.<\/em><\/li>\n<\/ul>\n<h3><strong>Ce cunosc tinerii de la Chi\u0219in\u0103u despre r\u0103zboiul de pe Nistru:<\/strong><\/h3>\n<ul>\n<li>Petru Iachimov s-a\u00a0n\u0103scut \u0219i tr\u0103ie\u0219te la Chi\u0219in\u0103u. \u0218i-a f\u0103cut studiile economice la o universitate din capital\u0103 \u0219i crede c\u0103 unele lucruri par s\u0103 fie exagerate privind rela\u021biile dintre cet\u0103\u021benii de pe ambele p\u0103r\u021bi ale Nistrului:<em> \u201eNu m-am interesat de acest subiect niciodat\u0103 \u0219i nici la \u0219coal\u0103 n-am studiat nimic despre asta\u201d.<\/em><\/li>\n<li>Natalia ne-a povestit despre un protest \u00een care a participat bunica sa \u00een timpul conflictului transnistrean, \u00een timp ce fratele bunicii ei a participat nemijlocit la ac\u021biunile militare din anul 1992. T\u00e2n\u0103ra este originar\u0103 din Transnistria, \u00eens\u0103, \u00een prezent studiaz\u0103 la Chi\u0219in\u0103u: <em>\u201eUnele detalii despre acest r\u0103zboi le cunosc din manualele \u0219colare, altele mi-au fost povestite de rudele mele\u201d.<\/em><\/li>\n<li>Student la una dintre universit\u0103\u021bile din Chi\u0219in\u0103u, Constantin a avut ocazia s\u0103 discute \u00een trecut cu studen\u021bi din Transnistria. Ace\u0219tia, \u00een opinia lui, erau informa\u021bi par\u021bial despre r\u0103zboiul moldo-rus: <em>\u201eTinerii nu cunosc multe nici despre evenimentele din 7 aprilie 2009, iar despre conflictul de pe Nistru, cu at\u00e2t mai mult\u201d.<\/em><\/li>\n<li>\u201eDin cauza r\u0103zboiului, copiii din partea st\u00e2ng\u0103 a Nistrului emigrau la rude \u00een Moldova. Erau foarte mul\u021bi copii \u00een \u0219coala noastr\u0103\u201d, poveste\u0219te Olesea, care este originar\u0103 din raionul Drochia. T\u00e2n\u0103ra \u00ee\u0219i aduce aminte c\u0103 tat\u0103l ei putea fi trimis la acel r\u0103zboi \u00een calitate de militar.<\/li>\n<\/ul>\n<p>Textul complet:\u00a0<a href=\"https:\/\/www.zdg.md\/stiri\/stiri-sociale\/razboiul-celor-doua-maluri-ale-nistrului-ce-stiu-tinerii-din-chisinau-si-tiraspol-despre-conflictul-transnistrean\">https:\/\/www.zdg.md\/<\/a><\/p>\n","protected":false},"excerpt":{"rendered":"<p>Ast\u0103zi, 2 martie, se \u00eemplinesc 27 de ani de la \u00eenceputul r\u0103zboiului de pe Nistru. Am vorbit cu tineri din ora\u0219ele Chi\u0219in\u0103u \u0219i Tiraspol ca s\u0103 afl\u0103m ce cunoa\u0219te t\u00e2n\u0103ra genera\u021bie despre evenimentele ce au avut loc \u00een anul 1992. \u00cen timp ce unii s-au ar\u0103tat pu\u021bin interesa\u021bi despre acest subiect, al\u021bii ne-au povestit c\u0103&#8230;<\/p>\n","protected":false},"author":2,"featured_media":0,"comment_status":"closed","ping_status":"open","sticky":false,"template":"","format":"standard","meta":[],"categories":[1],"tags":[],"_links":{"self":[{"href":"https:\/\/centers.ulbsibiu.ro\/ccsprise\/lact\/wp-json\/wp\/v2\/posts\/6026"}],"collection":[{"href":"https:\/\/centers.ulbsibiu.ro\/ccsprise\/lact\/wp-json\/wp\/v2\/posts"}],"about":[{"href":"https:\/\/centers.ulbsibiu.ro\/ccsprise\/lact\/wp-json\/wp\/v2\/types\/post"}],"author":[{"embeddable":true,"href":"https:\/\/centers.ulbsibiu.ro\/ccsprise\/lact\/wp-json\/wp\/v2\/users\/2"}],"replies":[{"embeddable":true,"href":"https:\/\/centers.ulbsibiu.ro\/ccsprise\/lact\/wp-json\/wp\/v2\/comments?post=6026"}],"version-history":[{"count":1,"href":"https:\/\/centers.ulbsibiu.ro\/ccsprise\/lact\/wp-json\/wp\/v2\/posts\/6026\/revisions"}],"predecessor-version":[{"id":6027,"href":"https:\/\/centers.ulbsibiu.ro\/ccsprise\/lact\/wp-json\/wp\/v2\/posts\/6026\/revisions\/6027"}],"wp:attachment":[{"href":"https:\/\/centers.ulbsibiu.ro\/ccsprise\/lact\/wp-json\/wp\/v2\/media?parent=6026"}],"wp:term":[{"taxonomy":"category","embeddable":true,"href":"https:\/\/centers.ulbsibiu.ro\/ccsprise\/lact\/wp-json\/wp\/v2\/categories?post=6026"},{"taxonomy":"post_tag","embeddable":true,"href":"https:\/\/centers.ulbsibiu.ro\/ccsprise\/lact\/wp-json\/wp\/v2\/tags?post=6026"}],"curies":[{"name":"wp","href":"https:\/\/api.w.org\/{rel}","templated":true}]}}