{"id":6024,"date":"2019-03-03T17:27:39","date_gmt":"2019-03-03T15:27:39","guid":{"rendered":"https:\/\/centers.ulbsibiu.ro\/ccsprise\/lact\/?p=6024"},"modified":"2019-03-03T17:27:39","modified_gmt":"2019-03-03T15:27:39","slug":"deschide-md-seful-osce-in-rm-transnistrenii-au-fost-adusi-organizat-dar-nu-sunt-dovezi-ca-in-favoarea-cuiva","status":"publish","type":"post","link":"https:\/\/centers.ulbsibiu.ro\/ccsprise\/lact\/deschide-md-seful-osce-in-rm-transnistrenii-au-fost-adusi-organizat-dar-nu-sunt-dovezi-ca-in-favoarea-cuiva\/","title":{"rendered":"Deschide.md &#8211; \u0218eful OSCE \u00een RM: Transnistrenii au fost adu\u0219i organizat, dar nu sunt dovezi c\u0103 \u00een favoarea cuiva"},"content":{"rendered":"<p>Locuitorii din regiunea transnistrean\u0103 au fost adu\u0219i organizat la alegeri \u00een ziua de 24 februarie, \u00eens\u0103 nu au fost stabilite dovezi c\u0103 ace\u015fti oameni au fost chema\u0163i s\u0103 voteze \u00een favoarea cuiva anume. O declara\u021bie \u00een acest sens a fost f\u0103cut\u0103 de \u0219eful Misiunii OSCE \u00een Republica Moldova, Claus Neukirch.<\/p>\n<p>\u201e\u00cenaintea scrutinului din 24 februarie, Misiunea OSCE a fost \u00een contact cu autorit\u0103\u0163ile din st\u00e2nga Nistrului \u015fi am discutat despre accesul aleg\u0103torilor la vot \u015fi ei ne-au asigurat c\u0103 nu vor \u00eempiedica pe nimeni s\u0103 mearg\u0103 la vot. Ceea ce am v\u0103zut \u00een ziua alegerilor, a fost c\u0103 nu au fost piedici pentru popula\u0163ie. Noi am v\u0103zut transport organizat pentru deplasarea popula\u0163iei, \u00eens\u0103 nu am putut stabili c\u0103 a fost organizat\u0103 de cineva anume, pentru a favoriza sau defavoriza o anumit\u0103 for\u0163\u0103 politic\u0103\u201d, a subliniat diplomatul pentru TVR Moldova.<\/p>\n<p>Textul complet:\u00a0<a href=\"https:\/\/deschide.md\/ro\/stiri\/politic\/45269\/\u0218eful-OSCE-\u00een-RM-Transnistrenii-au-fost-adu\u0219i-organizat-dar-nu-sunt-dovezi-c\u0103-\u00een-favoarea-cuiva.htm\">https:\/\/deschide.md<\/a><\/p>\n","protected":false},"excerpt":{"rendered":"<p>Locuitorii din regiunea transnistrean\u0103 au fost adu\u0219i organizat la alegeri \u00een ziua de 24 februarie, \u00eens\u0103 nu au fost stabilite dovezi c\u0103 ace\u015fti oameni au fost chema\u0163i s\u0103 voteze \u00een favoarea cuiva anume. O declara\u021bie \u00een acest sens a fost f\u0103cut\u0103 de \u0219eful Misiunii OSCE \u00een Republica Moldova, Claus Neukirch. \u201e\u00cenaintea scrutinului din 24 februarie,&#8230;<\/p>\n","protected":false},"author":2,"featured_media":0,"comment_status":"closed","ping_status":"open","sticky":false,"template":"","format":"standard","meta":[],"categories":[1],"tags":[],"_links":{"self":[{"href":"https:\/\/centers.ulbsibiu.ro\/ccsprise\/lact\/wp-json\/wp\/v2\/posts\/6024"}],"collection":[{"href":"https:\/\/centers.ulbsibiu.ro\/ccsprise\/lact\/wp-json\/wp\/v2\/posts"}],"about":[{"href":"https:\/\/centers.ulbsibiu.ro\/ccsprise\/lact\/wp-json\/wp\/v2\/types\/post"}],"author":[{"embeddable":true,"href":"https:\/\/centers.ulbsibiu.ro\/ccsprise\/lact\/wp-json\/wp\/v2\/users\/2"}],"replies":[{"embeddable":true,"href":"https:\/\/centers.ulbsibiu.ro\/ccsprise\/lact\/wp-json\/wp\/v2\/comments?post=6024"}],"version-history":[{"count":1,"href":"https:\/\/centers.ulbsibiu.ro\/ccsprise\/lact\/wp-json\/wp\/v2\/posts\/6024\/revisions"}],"predecessor-version":[{"id":6025,"href":"https:\/\/centers.ulbsibiu.ro\/ccsprise\/lact\/wp-json\/wp\/v2\/posts\/6024\/revisions\/6025"}],"wp:attachment":[{"href":"https:\/\/centers.ulbsibiu.ro\/ccsprise\/lact\/wp-json\/wp\/v2\/media?parent=6024"}],"wp:term":[{"taxonomy":"category","embeddable":true,"href":"https:\/\/centers.ulbsibiu.ro\/ccsprise\/lact\/wp-json\/wp\/v2\/categories?post=6024"},{"taxonomy":"post_tag","embeddable":true,"href":"https:\/\/centers.ulbsibiu.ro\/ccsprise\/lact\/wp-json\/wp\/v2\/tags?post=6024"}],"curies":[{"name":"wp","href":"https:\/\/api.w.org\/{rel}","templated":true}]}}