{"id":6022,"date":"2019-03-03T17:23:09","date_gmt":"2019-03-03T15:23:09","guid":{"rendered":"https:\/\/centers.ulbsibiu.ro\/ccsprise\/lact\/?p=6022"},"modified":"2019-03-03T17:23:09","modified_gmt":"2019-03-03T15:23:09","slug":"gov-md-mesajul-biroului-politici-de-reintegrare-in-legatura-cu-consemnarea-zilei-memoriei","status":"publish","type":"post","link":"https:\/\/centers.ulbsibiu.ro\/ccsprise\/lact\/gov-md-mesajul-biroului-politici-de-reintegrare-in-legatura-cu-consemnarea-zilei-memoriei\/","title":{"rendered":"Gov.md &#8211; Mesajul Biroului politici de reintegrare \u00een leg\u0103tur\u0103 cu consemnarea Zilei Memoriei"},"content":{"rendered":"<p>Ast\u0103zi, 02 martie 2019 se \u00eemplinesc 27 de ani de la \u00eenceputul ac\u021biunilor de lupt\u0103 pentru ap\u0103rarea integrit\u0103\u021bii \u0219i independen\u021bei Republicii Moldova \u0219i cu aceast\u0103 ocazie echipa Biroului politici de reintegrare aduce un omagiu tuturor eroilor care \u015fi-au sacrificat via\u0163a pentru Patrie \u0219i pace, pentru \u021bar\u0103 \u0219i neam, pentru valorile na\u021bionale \u0219i calea spre democra\u021bie.<\/p>\n<p>Aceast\u0103 zi este un bun prilej pentru a exprima recuno\u0219tin\u021ba sincer\u0103 veteranilor conflictului armat de pe Nistru, care gra\u021bie b\u0103rb\u0103\u021biei, dedica\u021biei, credin\u021bei, devotamentului \u0219i demnit\u0103\u021bii manifestate au contribuit la protec\u021bia \u0219i la consolidarea libert\u0103\u021bii, prosperit\u0103\u021bii, suveranit\u0103\u021bii, independen\u021bei \u015fi integrit\u0103\u021bii teritoriale a statului Republica Moldova.<\/p>\n<p>Slav\u0103 eroilor neamului, ve\u0219nic\u0103 pomenire adev\u0103ra\u021bilor b\u0103rba\u021bi ai \u021b\u0103rii ce au trecut \u00een lumea celor drep\u021bi, tr\u0103iasc\u0103 Republica Moldova!<\/p>\n<p>&nbsp;<\/p>\n<p>Sursa:\u00a0<a href=\"https:\/\/gov.md\/ro\/content\/mesajul-biroului-politici-de-reintegrare-legatura-cu-consemnarea-zilei-memoriei\">https:\/\/gov.md<\/a><\/p>\n","protected":false},"excerpt":{"rendered":"<p>Ast\u0103zi, 02 martie 2019 se \u00eemplinesc 27 de ani de la \u00eenceputul ac\u021biunilor de lupt\u0103 pentru ap\u0103rarea integrit\u0103\u021bii \u0219i independen\u021bei Republicii Moldova \u0219i cu aceast\u0103 ocazie echipa Biroului politici de reintegrare aduce un omagiu tuturor eroilor care \u015fi-au sacrificat via\u0163a pentru Patrie \u0219i pace, pentru \u021bar\u0103 \u0219i neam, pentru valorile na\u021bionale \u0219i calea spre democra\u021bie&#8230;.<\/p>\n","protected":false},"author":2,"featured_media":0,"comment_status":"closed","ping_status":"open","sticky":false,"template":"","format":"standard","meta":[],"categories":[1],"tags":[],"_links":{"self":[{"href":"https:\/\/centers.ulbsibiu.ro\/ccsprise\/lact\/wp-json\/wp\/v2\/posts\/6022"}],"collection":[{"href":"https:\/\/centers.ulbsibiu.ro\/ccsprise\/lact\/wp-json\/wp\/v2\/posts"}],"about":[{"href":"https:\/\/centers.ulbsibiu.ro\/ccsprise\/lact\/wp-json\/wp\/v2\/types\/post"}],"author":[{"embeddable":true,"href":"https:\/\/centers.ulbsibiu.ro\/ccsprise\/lact\/wp-json\/wp\/v2\/users\/2"}],"replies":[{"embeddable":true,"href":"https:\/\/centers.ulbsibiu.ro\/ccsprise\/lact\/wp-json\/wp\/v2\/comments?post=6022"}],"version-history":[{"count":1,"href":"https:\/\/centers.ulbsibiu.ro\/ccsprise\/lact\/wp-json\/wp\/v2\/posts\/6022\/revisions"}],"predecessor-version":[{"id":6023,"href":"https:\/\/centers.ulbsibiu.ro\/ccsprise\/lact\/wp-json\/wp\/v2\/posts\/6022\/revisions\/6023"}],"wp:attachment":[{"href":"https:\/\/centers.ulbsibiu.ro\/ccsprise\/lact\/wp-json\/wp\/v2\/media?parent=6022"}],"wp:term":[{"taxonomy":"category","embeddable":true,"href":"https:\/\/centers.ulbsibiu.ro\/ccsprise\/lact\/wp-json\/wp\/v2\/categories?post=6022"},{"taxonomy":"post_tag","embeddable":true,"href":"https:\/\/centers.ulbsibiu.ro\/ccsprise\/lact\/wp-json\/wp\/v2\/tags?post=6022"}],"curies":[{"name":"wp","href":"https:\/\/api.w.org\/{rel}","templated":true}]}}