{"id":6016,"date":"2019-03-03T17:18:19","date_gmt":"2019-03-03T15:18:19","guid":{"rendered":"https:\/\/centers.ulbsibiu.ro\/ccsprise\/lact\/?p=6016"},"modified":"2019-03-03T17:18:19","modified_gmt":"2019-03-03T15:18:19","slug":"publika-md-vlad-plahotniuc-le-a-multumit-veteranilor-conflictului-de-la-nistru-sa-nu-permitem-ca-vreodata-sa-se-repete-asemenea-tragedii","status":"publish","type":"post","link":"https:\/\/centers.ulbsibiu.ro\/ccsprise\/lact\/publika-md-vlad-plahotniuc-le-a-multumit-veteranilor-conflictului-de-la-nistru-sa-nu-permitem-ca-vreodata-sa-se-repete-asemenea-tragedii\/","title":{"rendered":"Publika.md &#8211; Vlad Plahotniuc le-a mul\u0163umit veteranilor conflictului de la Nistru: S\u0103 nu permitem ca VREODAT\u0102 s\u0103 se repete asemenea tragedii"},"content":{"rendered":"<p><strong>Data de dou\u0103 martie r\u0103m\u00e2ne marcat\u0103 cu negru \u00een calendarul istoriei \u0163\u0103rii noastre. Azi se \u00eemplinesc 27 de ani de la conflictul armat de la Nistru.\u00a0<\/strong><\/p>\n<p>\u00cen septembrie 1990, Tiraspolul a proclamat independen\u0163a regiunii, iar doi ani mai t\u00e2rziu, la dou\u0103 martie 1992, a \u00eenceput r\u0103zboiul. Efective ale g\u0103rzii transnistrene \u015fi unit\u0103\u0163i de cazaci au atacat postul de poli\u0163ie din Dub\u0103sari, aflat sub jurisdic\u0163ia Chi\u015fin\u0103ului.<\/p>\n<p>Cu aceast\u0103 ocazie, \u00eentr-un mesaj pe pagina sa de Facebook, liderul Partidului Democrat din Moldova, <a href=\"http:\/\/www.plahotniuc.md\/\" target=\"_blank\" rel=\"noopener\">Vlad Plahotniuc<\/a> a scris:<\/p>\n<p>&#8220;<strong>\u020an urm\u0103 cu 27 de ani, mii de moldoveni, civili \u0219i militari deopotriv\u0103 au pus Patria mai presus de propria via\u021b\u0103, iar c\u00e2teva sute dintre ei au c\u0103zut eroic pe c\u00e2mpul de lupt\u0103.<\/strong><\/p>\n<p><strong>S\u0103 le mul\u021bumim \u0219i s\u0103 ne amintim c\u0103 suntem datori s\u0103 p\u0103str\u0103m pacea pentru care ei au luptat \u0219i s\u0103 nu permitem ca vreodat\u0103 s\u0103 se repete asemenea tragedii. S\u0103 nu accept\u0103m mesaje ale urii \u0219i dezbin\u0103rii.<\/strong><\/p>\n<p><strong>Haide\u021bi s\u0103 promov\u0103m unitatea \u0219i \u00een\u021belegerea pe p\u0103m\u00e2nturile noastre, s\u0103 construim, \u00eempreun\u0103, un viitor mai bun\u00a0<a class=\"_58cn\" href=\"https:\/\/www.facebook.com\/hashtag\/pentrumoldova?source=feed_text&amp;epa=HASHTAG&amp;__xts__%5B0%5D=68.ARDoslcjPsVP5YvLk7xiJxbQz5NQNHV6Wk715oIDZZmaLyBcre2RrC79MOcPhaAEgZioZuKVVnowTTyg2t11-m2FxXKTopBylHZCxwEKlDWQD2Hkgc9BevxdLK48lfsPG798HbUTsYUwvTf7auCL8U36e50bAUa8UWvPBVQjFqob_0HvyXWxj0ZznxqthH5Xr_CdoZRceaMEnsYTRr2PMe-9RndhQRJNXywrw38jvu2u3OUAjM5e5VeOaX-v0uKDne6sW-iVjtDlLpkBNHBvf6KC3RKEWZJ5kuI1D2ohZbjar3W6S8e8jhuVpD1BrpXrv7_8bf1gu-GVWxtctMq0sbvFqA&amp;__tn__=%2ANK-R\" type=\"\" data-ft=\"{\"><span class=\"_5afx\"><span class=\"_58cl _5afz\">#<\/span><span class=\"_58cm\">PentruMoldova<\/span><\/span><\/a>, astfel \u00eenc\u00e2t sacrificiile din trecut s\u0103 nu fi fost \u020bn zadar&#8221;.\u00a0<\/strong><\/p>\n<p>Potrivit datelor Ministerului Ap\u0103r\u0103rii, \u00een conflictul de la Nistru\u00a0<strong>au murit 286 de oameni, iar 284 au r\u0103mas invalizi.<\/strong>\u00a0\u00cen 21 iulie 1992, pre\u015fedintele Rusiei, Boris El\u0163in, \u015fi cel al Moldovei, Mircea Snegur, au semnat la Moscova acordul de \u00eencetare a focului.<\/p>\n<p><strong>Trupele Armatei a 14-a sta\u0163ioneaz\u0103 \u00een st\u00e2nga Nistrului p\u00e2n\u0103 \u00een prezent.\u00a0<\/strong><\/p>\n<p>Cite\u0219te mai mult: <a href=\"https:\/\/www.publika.md\/vlad-plahotniuc-le-a-multumit-veteranilor-conflictului-de-la-nistru-sa-nu-permitem-ca-vreodata-sa-se-repete-asemenea-tragedii_3035751.html#ixzz5h7eB9MMC\">https:\/\/www.publika.md\/vlad-plahotniuc-le-a-multumit-veteranilor-conflictului-de-la-nistru-sa-nu-permitem-ca-vreodata-sa-se-repete-asemenea-tragedii_3035751.html#ixzz5h7eB9MMC<\/a><br \/>\nFollow us: <a href=\"https:\/\/ec.tynt.com\/b\/rw?id=dWcNF856Wr5OkPrkHcnlKl&amp;u=publikatv\" target=\"_blank\" rel=\"noopener\">@publikatv on Twitter<\/a> | <a href=\"https:\/\/ec.tynt.com\/b\/rf?id=dWcNF856Wr5OkPrkHcnlKl&amp;u=publika.md\" target=\"_blank\" rel=\"noopener\">publika.md on Facebook<\/a><\/p>\n","protected":false},"excerpt":{"rendered":"<p>Data de dou\u0103 martie r\u0103m\u00e2ne marcat\u0103 cu negru \u00een calendarul istoriei \u0163\u0103rii noastre. Azi se \u00eemplinesc 27 de ani de la conflictul armat de la Nistru.\u00a0 \u00cen septembrie 1990, Tiraspolul a proclamat independen\u0163a regiunii, iar doi ani mai t\u00e2rziu, la dou\u0103 martie 1992, a \u00eenceput r\u0103zboiul. Efective ale g\u0103rzii transnistrene \u015fi unit\u0103\u0163i de cazaci au&#8230;<\/p>\n","protected":false},"author":2,"featured_media":0,"comment_status":"closed","ping_status":"open","sticky":false,"template":"","format":"standard","meta":[],"categories":[1],"tags":[],"_links":{"self":[{"href":"https:\/\/centers.ulbsibiu.ro\/ccsprise\/lact\/wp-json\/wp\/v2\/posts\/6016"}],"collection":[{"href":"https:\/\/centers.ulbsibiu.ro\/ccsprise\/lact\/wp-json\/wp\/v2\/posts"}],"about":[{"href":"https:\/\/centers.ulbsibiu.ro\/ccsprise\/lact\/wp-json\/wp\/v2\/types\/post"}],"author":[{"embeddable":true,"href":"https:\/\/centers.ulbsibiu.ro\/ccsprise\/lact\/wp-json\/wp\/v2\/users\/2"}],"replies":[{"embeddable":true,"href":"https:\/\/centers.ulbsibiu.ro\/ccsprise\/lact\/wp-json\/wp\/v2\/comments?post=6016"}],"version-history":[{"count":1,"href":"https:\/\/centers.ulbsibiu.ro\/ccsprise\/lact\/wp-json\/wp\/v2\/posts\/6016\/revisions"}],"predecessor-version":[{"id":6017,"href":"https:\/\/centers.ulbsibiu.ro\/ccsprise\/lact\/wp-json\/wp\/v2\/posts\/6016\/revisions\/6017"}],"wp:attachment":[{"href":"https:\/\/centers.ulbsibiu.ro\/ccsprise\/lact\/wp-json\/wp\/v2\/media?parent=6016"}],"wp:term":[{"taxonomy":"category","embeddable":true,"href":"https:\/\/centers.ulbsibiu.ro\/ccsprise\/lact\/wp-json\/wp\/v2\/categories?post=6016"},{"taxonomy":"post_tag","embeddable":true,"href":"https:\/\/centers.ulbsibiu.ro\/ccsprise\/lact\/wp-json\/wp\/v2\/tags?post=6016"}],"curies":[{"name":"wp","href":"https:\/\/api.w.org\/{rel}","templated":true}]}}