{"id":6014,"date":"2019-03-01T19:12:39","date_gmt":"2019-03-01T17:12:39","guid":{"rendered":"https:\/\/centers.ulbsibiu.ro\/ccsprise\/lact\/?p=6014"},"modified":"2019-03-01T19:12:39","modified_gmt":"2019-03-01T17:12:39","slug":"gov-md-la-chisinau-a-avut-loc-o-noua-reuniune-a-grupurilor-de-lucru-pentru-probleme-vamale","status":"publish","type":"post","link":"https:\/\/centers.ulbsibiu.ro\/ccsprise\/lact\/gov-md-la-chisinau-a-avut-loc-o-noua-reuniune-a-grupurilor-de-lucru-pentru-probleme-vamale\/","title":{"rendered":"Gov.md &#8211; La Chi\u0219in\u0103u a avut loc o nou\u0103 reuniune a grupurilor de lucru pentru probleme vamale"},"content":{"rendered":"<p>Ast\u0103zi, 01 martie curent, la sediul din or. Chi\u0219in\u0103u al Misiunii OSCE \u00een Moldova a avut loc o nou\u0103 \u0219edin\u021b\u0103 a grupurilor de lucru pentru probleme vamale, cu participarea exper\u021bilor sectoriali de pe ambele maluri ale Nistrului, inclusiv a speciali\u0219tilor din domeniul s\u0103n\u0103t\u0103\u021bii \u0219i a farmacologiei, precum \u0219i a reprezentan\u021bilor mediatorilor \u0219i observatorilor \u00een formatul de negocieri \u201e5+2\u201d.<\/p>\n<p>Discu\u021biile s-au concentrat pe subiectul importurilor \u00een regiunea transnistrean\u0103 a medicamentelor \u015fi a preparatelor medicale, \u00een special prin punctul de trecere \u201eCuciurgan \u2013 Pervomaisc\u201d, amplasat pe segmentul central al frontierei de stat moldo-ucrainene.<\/p>\n<p>Partea moldoveneasc\u0103 a trecut \u00een revist\u0103 cerin\u021bele cadrului normativ de referin\u021b\u0103, reiter\u00e2nd necesitatea conform\u0103rii la exigen\u021bele legisla\u021biei \u00een vigoare referitor la efectuarea opera\u021biunilor de import-export de c\u0103tre agen\u021bii economici din regiune, cu \u00eenregistrarea \u0219i documentarea corespunz\u0103toare a activit\u0103\u021bii antreprenorilor de profil la organele competente ale Republicii Moldova, trecerea procedurilor vamale \u00een corespundere cu prevederile actelor normative na\u021bionale.<\/p>\n<p>De asemenea, partea moldoveneasc\u0103 a men\u021bionat despre necesitatea depolitiz\u0103rii aspectelor legate de importul-exportul bunurilor \u00een regiune \u00een contextul organiz\u0103rii controlului \u00een comun \u0219i a intervenit cu apelul de a se desf\u0103\u0219ura instruiri suplimentare cu actorii relevan\u021bi din raioanele de est ale \u021b\u0103rii \u00een vederea aducerii activit\u0103\u021bii acestora \u00een conformitate cu cerin\u021bele normative aplicate pe \u00eentreg teritoriul Republicii Moldova.<\/p>\n<p>&nbsp;<\/p>\n<p>Sursa:\u00a0<a href=\"https:\/\/gov.md\/ro\/content\/la-chisinau-avut-loc-o-noua-reuniune-grupurilor-de-lucru-pentru-probleme-vamale\">https:\/\/gov.md\/<\/a><\/p>\n","protected":false},"excerpt":{"rendered":"<p>Ast\u0103zi, 01 martie curent, la sediul din or. Chi\u0219in\u0103u al Misiunii OSCE \u00een Moldova a avut loc o nou\u0103 \u0219edin\u021b\u0103 a grupurilor de lucru pentru probleme vamale, cu participarea exper\u021bilor sectoriali de pe ambele maluri ale Nistrului, inclusiv a speciali\u0219tilor din domeniul s\u0103n\u0103t\u0103\u021bii \u0219i a farmacologiei, precum \u0219i a reprezentan\u021bilor mediatorilor \u0219i observatorilor \u00een formatul&#8230;<\/p>\n","protected":false},"author":2,"featured_media":0,"comment_status":"closed","ping_status":"open","sticky":false,"template":"","format":"standard","meta":[],"categories":[1],"tags":[],"_links":{"self":[{"href":"https:\/\/centers.ulbsibiu.ro\/ccsprise\/lact\/wp-json\/wp\/v2\/posts\/6014"}],"collection":[{"href":"https:\/\/centers.ulbsibiu.ro\/ccsprise\/lact\/wp-json\/wp\/v2\/posts"}],"about":[{"href":"https:\/\/centers.ulbsibiu.ro\/ccsprise\/lact\/wp-json\/wp\/v2\/types\/post"}],"author":[{"embeddable":true,"href":"https:\/\/centers.ulbsibiu.ro\/ccsprise\/lact\/wp-json\/wp\/v2\/users\/2"}],"replies":[{"embeddable":true,"href":"https:\/\/centers.ulbsibiu.ro\/ccsprise\/lact\/wp-json\/wp\/v2\/comments?post=6014"}],"version-history":[{"count":1,"href":"https:\/\/centers.ulbsibiu.ro\/ccsprise\/lact\/wp-json\/wp\/v2\/posts\/6014\/revisions"}],"predecessor-version":[{"id":6015,"href":"https:\/\/centers.ulbsibiu.ro\/ccsprise\/lact\/wp-json\/wp\/v2\/posts\/6014\/revisions\/6015"}],"wp:attachment":[{"href":"https:\/\/centers.ulbsibiu.ro\/ccsprise\/lact\/wp-json\/wp\/v2\/media?parent=6014"}],"wp:term":[{"taxonomy":"category","embeddable":true,"href":"https:\/\/centers.ulbsibiu.ro\/ccsprise\/lact\/wp-json\/wp\/v2\/categories?post=6014"},{"taxonomy":"post_tag","embeddable":true,"href":"https:\/\/centers.ulbsibiu.ro\/ccsprise\/lact\/wp-json\/wp\/v2\/tags?post=6014"}],"curies":[{"name":"wp","href":"https:\/\/api.w.org\/{rel}","templated":true}]}}